{"id":85,"date":"2016-07-04T16:05:54","date_gmt":"2016-07-04T14:05:54","guid":{"rendered":"http:\/\/s542535438.online.de\/web2019\/?p=85"},"modified":"2019-07-03T16:06:41","modified_gmt":"2019-07-03T14:06:41","slug":"villen-am-filmpark-alles-verkauft","status":"publish","type":"post","link":"https:\/\/www.verimag.de\/de\/blog\/villen-am-filmpark-alles-verkauft\/","title":{"rendered":"Villen am Filmpark: Alles verkauft&#8230;"},"content":{"rendered":"\n<p>Bereits kurz nach dem Richtfest Ende Mai k\u00f6nnen wir nun einen  Verkaufsstand von 100% vermelden.  Wir bedanken uns bei allen K\u00e4ufern  f\u00fcr das uns damit entgegengebrachte Vertrauen! F\u00fcr alle Interessenten an  einer Eigentumswohnung in Potsdam, ob zu Selbstnutzung oder als  Investment, verweisen wir an dieser Stelle nochmals auf unser  Folgeprojekt <a rel=\"noreferrer noopener\" href=\"http:\/\/www.brunnen-viertel.de\" target=\"_blank\">www.brunnen-viertel.de<\/a>  <\/p>\n","protected":false},"excerpt":{"rendered":"<p>Bereits kurz nach dem Richtfest Ende Mai k\u00f6nnen wir nun einen Verkaufsstand von 100% vermelden.<\/p>\n","protected":false},"author":1,"featured_media":0,"comment_status":"open","ping_status":"open","sticky":false,"template":"","format":"standard","meta":{"_acf_changed":false,"footnotes":""},"categories":[9],"tags":[],"class_list":["post-85","post","type-post","status-publish","format-standard","hentry","category-blog"],"acf":[],"yoast_head":"<!-- This site is optimized with the Yoast SEO plugin v27.0 - https:\/\/yoast.com\/product\/yoast-seo-wordpress\/ -->\n<title>VERIMAG Vertriebs- und Marketingges. mbH - Villen am Filmpark: Alles verkauft...<\/title>\n<meta name=\"robots\" content=\"index, follow, max-snippet:-1, max-image-preview:large, max-video-preview:-1\" \/>\n<link rel=\"canonical\" href=\"https:\/\/www.verimag.de\/de\/blog\/villen-am-filmpark-alles-verkauft\/\" \/>\n<meta property=\"og:locale\" content=\"de_DE\" \/>\n<meta property=\"og:type\" content=\"article\" \/>\n<meta property=\"og:title\" content=\"VERIMAG Vertriebs- und Marketingges. mbH - Villen am Filmpark: Alles verkauft...\" \/>\n<meta property=\"og:description\" content=\"Bereits kurz nach dem Richtfest Ende Mai k\u00f6nnen wir nun einen Verkaufsstand von 100% vermelden.\" \/>\n<meta property=\"og:url\" content=\"https:\/\/www.verimag.de\/de\/blog\/villen-am-filmpark-alles-verkauft\/\" \/>\n<meta property=\"og:site_name\" content=\"VERIMAG Vertriebs- und Marketingges. mbH\" \/>\n<meta property=\"article:published_time\" content=\"2016-07-04T14:05:54+00:00\" \/>\n<meta property=\"article:modified_time\" content=\"2019-07-03T14:06:41+00:00\" \/>\n<meta name=\"author\" content=\"nico.onehundred\" \/>\n<meta name=\"twitter:card\" content=\"summary_large_image\" \/>\n<meta name=\"twitter:label1\" content=\"Verfasst von\" \/>\n\t<meta name=\"twitter:data1\" content=\"nico.onehundred\" \/>\n<script type=\"application\/ld+json\" class=\"yoast-schema-graph\">{\"@context\":\"https:\/\/schema.org\",\"@graph\":[{\"@type\":\"Article\",\"@id\":\"https:\/\/www.verimag.de\/de\/blog\/villen-am-filmpark-alles-verkauft\/#article\",\"isPartOf\":{\"@id\":\"https:\/\/www.verimag.de\/de\/blog\/villen-am-filmpark-alles-verkauft\/\"},\"author\":{\"name\":\"nico.onehundred\",\"@id\":\"https:\/\/www.verimag.de\/de\/#\/schema\/person\/37212eeeb2fe6c6e18ddc80bc43c4f83\"},\"headline\":\"Villen am Filmpark: Alles verkauft&#8230;\",\"datePublished\":\"2016-07-04T14:05:54+00:00\",\"dateModified\":\"2019-07-03T14:06:41+00:00\",\"mainEntityOfPage\":{\"@id\":\"https:\/\/www.verimag.de\/de\/blog\/villen-am-filmpark-alles-verkauft\/\"},\"wordCount\":61,\"commentCount\":0,\"articleSection\":[\"Blog\"],\"inLanguage\":\"de\",\"potentialAction\":[{\"@type\":\"CommentAction\",\"name\":\"Comment\",\"target\":[\"https:\/\/www.verimag.de\/de\/blog\/villen-am-filmpark-alles-verkauft\/#respond\"]}]},{\"@type\":\"WebPage\",\"@id\":\"https:\/\/www.verimag.de\/de\/blog\/villen-am-filmpark-alles-verkauft\/\",\"url\":\"https:\/\/www.verimag.de\/de\/blog\/villen-am-filmpark-alles-verkauft\/\",\"name\":\"VERIMAG Vertriebs- und Marketingges. mbH - Villen am Filmpark: Alles verkauft...\",\"isPartOf\":{\"@id\":\"https:\/\/www.verimag.de\/de\/#website\"},\"datePublished\":\"2016-07-04T14:05:54+00:00\",\"dateModified\":\"2019-07-03T14:06:41+00:00\",\"author\":{\"@id\":\"https:\/\/www.verimag.de\/de\/#\/schema\/person\/37212eeeb2fe6c6e18ddc80bc43c4f83\"},\"breadcrumb\":{\"@id\":\"https:\/\/www.verimag.de\/de\/blog\/villen-am-filmpark-alles-verkauft\/#breadcrumb\"},\"inLanguage\":\"de\",\"potentialAction\":[{\"@type\":\"ReadAction\",\"target\":[\"https:\/\/www.verimag.de\/de\/blog\/villen-am-filmpark-alles-verkauft\/\"]}]},{\"@type\":\"BreadcrumbList\",\"@id\":\"https:\/\/www.verimag.de\/de\/blog\/villen-am-filmpark-alles-verkauft\/#breadcrumb\",\"itemListElement\":[{\"@type\":\"ListItem\",\"position\":1,\"name\":\"Startseite\",\"item\":\"https:\/\/www.verimag.de\/de\/\"},{\"@type\":\"ListItem\",\"position\":2,\"name\":\"Blog\",\"item\":\"https:\/\/www.verimag.de\/de\/category\/blog\/\"},{\"@type\":\"ListItem\",\"position\":3,\"name\":\"Villen am Filmpark: Alles verkauft&#8230;\"}]},{\"@type\":\"WebSite\",\"@id\":\"https:\/\/www.verimag.de\/de\/#website\",\"url\":\"https:\/\/www.verimag.de\/de\/\",\"name\":\"VERIMAG Vertriebs- und Marketingges. mbH\",\"description\":\"\",\"potentialAction\":[{\"@type\":\"SearchAction\",\"target\":{\"@type\":\"EntryPoint\",\"urlTemplate\":\"https:\/\/www.verimag.de\/de\/?s={search_term_string}\"},\"query-input\":{\"@type\":\"PropertyValueSpecification\",\"valueRequired\":true,\"valueName\":\"search_term_string\"}}],\"inLanguage\":\"de\"},{\"@type\":\"Person\",\"@id\":\"https:\/\/www.verimag.de\/de\/#\/schema\/person\/37212eeeb2fe6c6e18ddc80bc43c4f83\",\"name\":\"nico.onehundred\",\"image\":{\"@type\":\"ImageObject\",\"inLanguage\":\"de\",\"@id\":\"https:\/\/www.verimag.de\/de\/#\/schema\/person\/image\/\",\"url\":\"https:\/\/secure.gravatar.com\/avatar\/10f1ab8a4566484a12eee068f655f02bda91a72e173a3108d9c8ee7f74f8735c?s=96&d=mm&r=g\",\"contentUrl\":\"https:\/\/secure.gravatar.com\/avatar\/10f1ab8a4566484a12eee068f655f02bda91a72e173a3108d9c8ee7f74f8735c?s=96&d=mm&r=g\",\"caption\":\"nico.onehundred\"}}]}<\/script>\n<!-- \/ Yoast SEO plugin. -->","yoast_head_json":{"title":"VERIMAG Vertriebs- und Marketingges. mbH - Villen am Filmpark: Alles verkauft...","robots":{"index":"index","follow":"follow","max-snippet":"max-snippet:-1","max-image-preview":"max-image-preview:large","max-video-preview":"max-video-preview:-1"},"canonical":"https:\/\/www.verimag.de\/de\/blog\/villen-am-filmpark-alles-verkauft\/","og_locale":"de_DE","og_type":"article","og_title":"VERIMAG Vertriebs- und Marketingges. mbH - Villen am Filmpark: Alles verkauft...","og_description":"Bereits kurz nach dem Richtfest Ende Mai k\u00f6nnen wir nun einen Verkaufsstand von 100% vermelden.","og_url":"https:\/\/www.verimag.de\/de\/blog\/villen-am-filmpark-alles-verkauft\/","og_site_name":"VERIMAG Vertriebs- und Marketingges. mbH","article_published_time":"2016-07-04T14:05:54+00:00","article_modified_time":"2019-07-03T14:06:41+00:00","author":"nico.onehundred","twitter_card":"summary_large_image","twitter_misc":{"Verfasst von":"nico.onehundred"},"schema":{"@context":"https:\/\/schema.org","@graph":[{"@type":"Article","@id":"https:\/\/www.verimag.de\/de\/blog\/villen-am-filmpark-alles-verkauft\/#article","isPartOf":{"@id":"https:\/\/www.verimag.de\/de\/blog\/villen-am-filmpark-alles-verkauft\/"},"author":{"name":"nico.onehundred","@id":"https:\/\/www.verimag.de\/de\/#\/schema\/person\/37212eeeb2fe6c6e18ddc80bc43c4f83"},"headline":"Villen am Filmpark: Alles verkauft&#8230;","datePublished":"2016-07-04T14:05:54+00:00","dateModified":"2019-07-03T14:06:41+00:00","mainEntityOfPage":{"@id":"https:\/\/www.verimag.de\/de\/blog\/villen-am-filmpark-alles-verkauft\/"},"wordCount":61,"commentCount":0,"articleSection":["Blog"],"inLanguage":"de","potentialAction":[{"@type":"CommentAction","name":"Comment","target":["https:\/\/www.verimag.de\/de\/blog\/villen-am-filmpark-alles-verkauft\/#respond"]}]},{"@type":"WebPage","@id":"https:\/\/www.verimag.de\/de\/blog\/villen-am-filmpark-alles-verkauft\/","url":"https:\/\/www.verimag.de\/de\/blog\/villen-am-filmpark-alles-verkauft\/","name":"VERIMAG Vertriebs- und Marketingges. mbH - Villen am Filmpark: Alles verkauft...","isPartOf":{"@id":"https:\/\/www.verimag.de\/de\/#website"},"datePublished":"2016-07-04T14:05:54+00:00","dateModified":"2019-07-03T14:06:41+00:00","author":{"@id":"https:\/\/www.verimag.de\/de\/#\/schema\/person\/37212eeeb2fe6c6e18ddc80bc43c4f83"},"breadcrumb":{"@id":"https:\/\/www.verimag.de\/de\/blog\/villen-am-filmpark-alles-verkauft\/#breadcrumb"},"inLanguage":"de","potentialAction":[{"@type":"ReadAction","target":["https:\/\/www.verimag.de\/de\/blog\/villen-am-filmpark-alles-verkauft\/"]}]},{"@type":"BreadcrumbList","@id":"https:\/\/www.verimag.de\/de\/blog\/villen-am-filmpark-alles-verkauft\/#breadcrumb","itemListElement":[{"@type":"ListItem","position":1,"name":"Startseite","item":"https:\/\/www.verimag.de\/de\/"},{"@type":"ListItem","position":2,"name":"Blog","item":"https:\/\/www.verimag.de\/de\/category\/blog\/"},{"@type":"ListItem","position":3,"name":"Villen am Filmpark: Alles verkauft&#8230;"}]},{"@type":"WebSite","@id":"https:\/\/www.verimag.de\/de\/#website","url":"https:\/\/www.verimag.de\/de\/","name":"VERIMAG Vertriebs- und Marketingges. mbH","description":"","potentialAction":[{"@type":"SearchAction","target":{"@type":"EntryPoint","urlTemplate":"https:\/\/www.verimag.de\/de\/?s={search_term_string}"},"query-input":{"@type":"PropertyValueSpecification","valueRequired":true,"valueName":"search_term_string"}}],"inLanguage":"de"},{"@type":"Person","@id":"https:\/\/www.verimag.de\/de\/#\/schema\/person\/37212eeeb2fe6c6e18ddc80bc43c4f83","name":"nico.onehundred","image":{"@type":"ImageObject","inLanguage":"de","@id":"https:\/\/www.verimag.de\/de\/#\/schema\/person\/image\/","url":"https:\/\/secure.gravatar.com\/avatar\/10f1ab8a4566484a12eee068f655f02bda91a72e173a3108d9c8ee7f74f8735c?s=96&d=mm&r=g","contentUrl":"https:\/\/secure.gravatar.com\/avatar\/10f1ab8a4566484a12eee068f655f02bda91a72e173a3108d9c8ee7f74f8735c?s=96&d=mm&r=g","caption":"nico.onehundred"}}]}},"_links":{"self":[{"href":"https:\/\/www.verimag.de\/de\/wp-json\/wp\/v2\/posts\/85","targetHints":{"allow":["GET"]}}],"collection":[{"href":"https:\/\/www.verimag.de\/de\/wp-json\/wp\/v2\/posts"}],"about":[{"href":"https:\/\/www.verimag.de\/de\/wp-json\/wp\/v2\/types\/post"}],"author":[{"embeddable":true,"href":"https:\/\/www.verimag.de\/de\/wp-json\/wp\/v2\/users\/1"}],"replies":[{"embeddable":true,"href":"https:\/\/www.verimag.de\/de\/wp-json\/wp\/v2\/comments?post=85"}],"version-history":[{"count":1,"href":"https:\/\/www.verimag.de\/de\/wp-json\/wp\/v2\/posts\/85\/revisions"}],"predecessor-version":[{"id":86,"href":"https:\/\/www.verimag.de\/de\/wp-json\/wp\/v2\/posts\/85\/revisions\/86"}],"wp:attachment":[{"href":"https:\/\/www.verimag.de\/de\/wp-json\/wp\/v2\/media?parent=85"}],"wp:term":[{"taxonomy":"category","embeddable":true,"href":"https:\/\/www.verimag.de\/de\/wp-json\/wp\/v2\/categories?post=85"},{"taxonomy":"post_tag","embeddable":true,"href":"https:\/\/www.verimag.de\/de\/wp-json\/wp\/v2\/tags?post=85"}],"curies":[{"name":"wp","href":"https:\/\/api.w.org\/{rel}","templated":true}]}}