{"id":68,"date":"2015-06-01T15:58:36","date_gmt":"2015-06-01T13:58:36","guid":{"rendered":"http:\/\/s542535438.online.de\/web2019\/?p=68"},"modified":"2019-07-03T15:59:33","modified_gmt":"2019-07-03T13:59:33","slug":"thaerstrasse-37-wir-feiern-richtfest","status":"publish","type":"post","link":"https:\/\/www.verimag.de\/de\/blog\/thaerstrasse-37-wir-feiern-richtfest\/","title":{"rendered":"Thaerstra\u00dfe 37: Wir feiern Richtfest!"},"content":{"rendered":"\n<p>Unter gro\u00dfer Beteiligung der Erwerber und Baubeteiligten wurde das  Richtfest gefeiert.  Auch RTL TV war vor Ort, um \u00fcber den Baufortschritt  der durch den Sender mit Spenden unterst\u00fctzten Kinder- und  Jugendeinrichtung der ARCHE e.V. im Erdgeschoss des Haues zu berichten. <\/p>\n","protected":false},"excerpt":{"rendered":"<p>Unter gro\u00dfer Beteiligung der Erwerber und Baubeteiligten wurde das Richtfest gefeiert.<\/p>\n","protected":false},"author":1,"featured_media":0,"comment_status":"open","ping_status":"open","sticky":false,"template":"","format":"standard","meta":{"_acf_changed":false,"footnotes":""},"categories":[9],"tags":[],"class_list":["post-68","post","type-post","status-publish","format-standard","hentry","category-blog"],"acf":[],"yoast_head":"<!-- This site is optimized with the Yoast SEO plugin v27.0 - https:\/\/yoast.com\/product\/yoast-seo-wordpress\/ -->\n<title>VERIMAG Vertriebs- und Marketingges. mbH - Thaerstra\u00dfe 37: Wir feiern Richtfest!<\/title>\n<meta name=\"robots\" content=\"index, follow, max-snippet:-1, max-image-preview:large, max-video-preview:-1\" \/>\n<link rel=\"canonical\" href=\"https:\/\/www.verimag.de\/de\/blog\/thaerstrasse-37-wir-feiern-richtfest\/\" \/>\n<meta property=\"og:locale\" content=\"de_DE\" \/>\n<meta property=\"og:type\" content=\"article\" \/>\n<meta property=\"og:title\" content=\"VERIMAG Vertriebs- und Marketingges. mbH - Thaerstra\u00dfe 37: Wir feiern Richtfest!\" \/>\n<meta property=\"og:description\" content=\"Unter gro\u00dfer Beteiligung der Erwerber und Baubeteiligten wurde das Richtfest gefeiert.\" \/>\n<meta property=\"og:url\" content=\"https:\/\/www.verimag.de\/de\/blog\/thaerstrasse-37-wir-feiern-richtfest\/\" \/>\n<meta property=\"og:site_name\" content=\"VERIMAG Vertriebs- und Marketingges. mbH\" \/>\n<meta property=\"article:published_time\" content=\"2015-06-01T13:58:36+00:00\" \/>\n<meta property=\"article:modified_time\" content=\"2019-07-03T13:59:33+00:00\" \/>\n<meta name=\"author\" content=\"nico.onehundred\" \/>\n<meta name=\"twitter:card\" content=\"summary_large_image\" \/>\n<meta name=\"twitter:label1\" content=\"Verfasst von\" \/>\n\t<meta name=\"twitter:data1\" content=\"nico.onehundred\" \/>\n<script type=\"application\/ld+json\" class=\"yoast-schema-graph\">{\"@context\":\"https:\/\/schema.org\",\"@graph\":[{\"@type\":\"Article\",\"@id\":\"https:\/\/www.verimag.de\/de\/blog\/thaerstrasse-37-wir-feiern-richtfest\/#article\",\"isPartOf\":{\"@id\":\"https:\/\/www.verimag.de\/de\/blog\/thaerstrasse-37-wir-feiern-richtfest\/\"},\"author\":{\"name\":\"nico.onehundred\",\"@id\":\"https:\/\/www.verimag.de\/de\/#\/schema\/person\/37212eeeb2fe6c6e18ddc80bc43c4f83\"},\"headline\":\"Thaerstra\u00dfe 37: Wir feiern Richtfest!\",\"datePublished\":\"2015-06-01T13:58:36+00:00\",\"dateModified\":\"2019-07-03T13:59:33+00:00\",\"mainEntityOfPage\":{\"@id\":\"https:\/\/www.verimag.de\/de\/blog\/thaerstrasse-37-wir-feiern-richtfest\/\"},\"wordCount\":48,\"commentCount\":0,\"articleSection\":[\"Blog\"],\"inLanguage\":\"de\",\"potentialAction\":[{\"@type\":\"CommentAction\",\"name\":\"Comment\",\"target\":[\"https:\/\/www.verimag.de\/de\/blog\/thaerstrasse-37-wir-feiern-richtfest\/#respond\"]}]},{\"@type\":\"WebPage\",\"@id\":\"https:\/\/www.verimag.de\/de\/blog\/thaerstrasse-37-wir-feiern-richtfest\/\",\"url\":\"https:\/\/www.verimag.de\/de\/blog\/thaerstrasse-37-wir-feiern-richtfest\/\",\"name\":\"VERIMAG Vertriebs- und Marketingges. mbH - Thaerstra\u00dfe 37: Wir feiern Richtfest!\",\"isPartOf\":{\"@id\":\"https:\/\/www.verimag.de\/de\/#website\"},\"datePublished\":\"2015-06-01T13:58:36+00:00\",\"dateModified\":\"2019-07-03T13:59:33+00:00\",\"author\":{\"@id\":\"https:\/\/www.verimag.de\/de\/#\/schema\/person\/37212eeeb2fe6c6e18ddc80bc43c4f83\"},\"breadcrumb\":{\"@id\":\"https:\/\/www.verimag.de\/de\/blog\/thaerstrasse-37-wir-feiern-richtfest\/#breadcrumb\"},\"inLanguage\":\"de\",\"potentialAction\":[{\"@type\":\"ReadAction\",\"target\":[\"https:\/\/www.verimag.de\/de\/blog\/thaerstrasse-37-wir-feiern-richtfest\/\"]}]},{\"@type\":\"BreadcrumbList\",\"@id\":\"https:\/\/www.verimag.de\/de\/blog\/thaerstrasse-37-wir-feiern-richtfest\/#breadcrumb\",\"itemListElement\":[{\"@type\":\"ListItem\",\"position\":1,\"name\":\"Startseite\",\"item\":\"https:\/\/www.verimag.de\/de\/\"},{\"@type\":\"ListItem\",\"position\":2,\"name\":\"Blog\",\"item\":\"https:\/\/www.verimag.de\/de\/category\/blog\/\"},{\"@type\":\"ListItem\",\"position\":3,\"name\":\"Thaerstra\u00dfe 37: Wir feiern Richtfest!\"}]},{\"@type\":\"WebSite\",\"@id\":\"https:\/\/www.verimag.de\/de\/#website\",\"url\":\"https:\/\/www.verimag.de\/de\/\",\"name\":\"VERIMAG Vertriebs- und Marketingges. mbH\",\"description\":\"\",\"potentialAction\":[{\"@type\":\"SearchAction\",\"target\":{\"@type\":\"EntryPoint\",\"urlTemplate\":\"https:\/\/www.verimag.de\/de\/?s={search_term_string}\"},\"query-input\":{\"@type\":\"PropertyValueSpecification\",\"valueRequired\":true,\"valueName\":\"search_term_string\"}}],\"inLanguage\":\"de\"},{\"@type\":\"Person\",\"@id\":\"https:\/\/www.verimag.de\/de\/#\/schema\/person\/37212eeeb2fe6c6e18ddc80bc43c4f83\",\"name\":\"nico.onehundred\",\"image\":{\"@type\":\"ImageObject\",\"inLanguage\":\"de\",\"@id\":\"https:\/\/www.verimag.de\/de\/#\/schema\/person\/image\/\",\"url\":\"https:\/\/secure.gravatar.com\/avatar\/10f1ab8a4566484a12eee068f655f02bda91a72e173a3108d9c8ee7f74f8735c?s=96&d=mm&r=g\",\"contentUrl\":\"https:\/\/secure.gravatar.com\/avatar\/10f1ab8a4566484a12eee068f655f02bda91a72e173a3108d9c8ee7f74f8735c?s=96&d=mm&r=g\",\"caption\":\"nico.onehundred\"}}]}<\/script>\n<!-- \/ Yoast SEO plugin. -->","yoast_head_json":{"title":"VERIMAG Vertriebs- und Marketingges. mbH - Thaerstra\u00dfe 37: Wir feiern Richtfest!","robots":{"index":"index","follow":"follow","max-snippet":"max-snippet:-1","max-image-preview":"max-image-preview:large","max-video-preview":"max-video-preview:-1"},"canonical":"https:\/\/www.verimag.de\/de\/blog\/thaerstrasse-37-wir-feiern-richtfest\/","og_locale":"de_DE","og_type":"article","og_title":"VERIMAG Vertriebs- und Marketingges. mbH - Thaerstra\u00dfe 37: Wir feiern Richtfest!","og_description":"Unter gro\u00dfer Beteiligung der Erwerber und Baubeteiligten wurde das Richtfest gefeiert.","og_url":"https:\/\/www.verimag.de\/de\/blog\/thaerstrasse-37-wir-feiern-richtfest\/","og_site_name":"VERIMAG Vertriebs- und Marketingges. mbH","article_published_time":"2015-06-01T13:58:36+00:00","article_modified_time":"2019-07-03T13:59:33+00:00","author":"nico.onehundred","twitter_card":"summary_large_image","twitter_misc":{"Verfasst von":"nico.onehundred"},"schema":{"@context":"https:\/\/schema.org","@graph":[{"@type":"Article","@id":"https:\/\/www.verimag.de\/de\/blog\/thaerstrasse-37-wir-feiern-richtfest\/#article","isPartOf":{"@id":"https:\/\/www.verimag.de\/de\/blog\/thaerstrasse-37-wir-feiern-richtfest\/"},"author":{"name":"nico.onehundred","@id":"https:\/\/www.verimag.de\/de\/#\/schema\/person\/37212eeeb2fe6c6e18ddc80bc43c4f83"},"headline":"Thaerstra\u00dfe 37: Wir feiern Richtfest!","datePublished":"2015-06-01T13:58:36+00:00","dateModified":"2019-07-03T13:59:33+00:00","mainEntityOfPage":{"@id":"https:\/\/www.verimag.de\/de\/blog\/thaerstrasse-37-wir-feiern-richtfest\/"},"wordCount":48,"commentCount":0,"articleSection":["Blog"],"inLanguage":"de","potentialAction":[{"@type":"CommentAction","name":"Comment","target":["https:\/\/www.verimag.de\/de\/blog\/thaerstrasse-37-wir-feiern-richtfest\/#respond"]}]},{"@type":"WebPage","@id":"https:\/\/www.verimag.de\/de\/blog\/thaerstrasse-37-wir-feiern-richtfest\/","url":"https:\/\/www.verimag.de\/de\/blog\/thaerstrasse-37-wir-feiern-richtfest\/","name":"VERIMAG Vertriebs- und Marketingges. mbH - Thaerstra\u00dfe 37: Wir feiern Richtfest!","isPartOf":{"@id":"https:\/\/www.verimag.de\/de\/#website"},"datePublished":"2015-06-01T13:58:36+00:00","dateModified":"2019-07-03T13:59:33+00:00","author":{"@id":"https:\/\/www.verimag.de\/de\/#\/schema\/person\/37212eeeb2fe6c6e18ddc80bc43c4f83"},"breadcrumb":{"@id":"https:\/\/www.verimag.de\/de\/blog\/thaerstrasse-37-wir-feiern-richtfest\/#breadcrumb"},"inLanguage":"de","potentialAction":[{"@type":"ReadAction","target":["https:\/\/www.verimag.de\/de\/blog\/thaerstrasse-37-wir-feiern-richtfest\/"]}]},{"@type":"BreadcrumbList","@id":"https:\/\/www.verimag.de\/de\/blog\/thaerstrasse-37-wir-feiern-richtfest\/#breadcrumb","itemListElement":[{"@type":"ListItem","position":1,"name":"Startseite","item":"https:\/\/www.verimag.de\/de\/"},{"@type":"ListItem","position":2,"name":"Blog","item":"https:\/\/www.verimag.de\/de\/category\/blog\/"},{"@type":"ListItem","position":3,"name":"Thaerstra\u00dfe 37: Wir feiern Richtfest!"}]},{"@type":"WebSite","@id":"https:\/\/www.verimag.de\/de\/#website","url":"https:\/\/www.verimag.de\/de\/","name":"VERIMAG Vertriebs- und Marketingges. mbH","description":"","potentialAction":[{"@type":"SearchAction","target":{"@type":"EntryPoint","urlTemplate":"https:\/\/www.verimag.de\/de\/?s={search_term_string}"},"query-input":{"@type":"PropertyValueSpecification","valueRequired":true,"valueName":"search_term_string"}}],"inLanguage":"de"},{"@type":"Person","@id":"https:\/\/www.verimag.de\/de\/#\/schema\/person\/37212eeeb2fe6c6e18ddc80bc43c4f83","name":"nico.onehundred","image":{"@type":"ImageObject","inLanguage":"de","@id":"https:\/\/www.verimag.de\/de\/#\/schema\/person\/image\/","url":"https:\/\/secure.gravatar.com\/avatar\/10f1ab8a4566484a12eee068f655f02bda91a72e173a3108d9c8ee7f74f8735c?s=96&d=mm&r=g","contentUrl":"https:\/\/secure.gravatar.com\/avatar\/10f1ab8a4566484a12eee068f655f02bda91a72e173a3108d9c8ee7f74f8735c?s=96&d=mm&r=g","caption":"nico.onehundred"}}]}},"_links":{"self":[{"href":"https:\/\/www.verimag.de\/de\/wp-json\/wp\/v2\/posts\/68","targetHints":{"allow":["GET"]}}],"collection":[{"href":"https:\/\/www.verimag.de\/de\/wp-json\/wp\/v2\/posts"}],"about":[{"href":"https:\/\/www.verimag.de\/de\/wp-json\/wp\/v2\/types\/post"}],"author":[{"embeddable":true,"href":"https:\/\/www.verimag.de\/de\/wp-json\/wp\/v2\/users\/1"}],"replies":[{"embeddable":true,"href":"https:\/\/www.verimag.de\/de\/wp-json\/wp\/v2\/comments?post=68"}],"version-history":[{"count":1,"href":"https:\/\/www.verimag.de\/de\/wp-json\/wp\/v2\/posts\/68\/revisions"}],"predecessor-version":[{"id":69,"href":"https:\/\/www.verimag.de\/de\/wp-json\/wp\/v2\/posts\/68\/revisions\/69"}],"wp:attachment":[{"href":"https:\/\/www.verimag.de\/de\/wp-json\/wp\/v2\/media?parent=68"}],"wp:term":[{"taxonomy":"category","embeddable":true,"href":"https:\/\/www.verimag.de\/de\/wp-json\/wp\/v2\/categories?post=68"},{"taxonomy":"post_tag","embeddable":true,"href":"https:\/\/www.verimag.de\/de\/wp-json\/wp\/v2\/tags?post=68"}],"curies":[{"name":"wp","href":"https:\/\/api.w.org\/{rel}","templated":true}]}}