{"id":1738,"date":"2022-10-11T11:49:05","date_gmt":"2022-10-11T09:49:05","guid":{"rendered":"https:\/\/www.verimag.de\/?p=1738"},"modified":"2025-06-02T10:56:14","modified_gmt":"2025-06-02T08:56:14","slug":"quartier-beelitz-heilstaetten-bauaktivitaeten-gehen-zuegig-voran","status":"publish","type":"post","link":"https:\/\/www.verimag.de\/de\/blog\/quartier-beelitz-heilstaetten-bauaktivitaeten-gehen-zuegig-voran\/","title":{"rendered":"QUARTIER BEELITZ-HEILST\u00c4TTEN: Bauaktivit\u00e4ten gehen z\u00fcgig voran!"},"content":{"rendered":"\n<p>In den vergangenen Monaten ist viel auf dem Gel\u00e4nde des Quartiers passiert!<br>Auf dem Marktplatz zieht nun immer mehr Leben ein: Die Kita erh\u00e4lt noch den letzten Feinschliff und die quartierseigene B\u00e4ckerei \u00f6ffnete bereits Ende August. Auch der Bahnhof ist fertiggestellt und das dazugeh\u00f6rige Restaurant hat seine Pforten ge\u00f6ffnet. Der Supermarkt und das \u00c4rztehaus befinden sich derzeit im Bau, wonach die Schule und die Pflegeeinrichtung folgen.<br>Zudem haben bei den Stadtvillen die Bauarbeiten begonnen und die ersten Einfamilienh\u00e4user stehen fr\u00fcher als geplant kurz vor Fertigstellung.<\/p>\n\n\n\n<p>F\u00fcr weitere Informationen besuchen Sie gerne unsere <a href=\"https:\/\/www.beelitzheilstaetten.de\/\" target=\"_blank\" rel=\"noreferrer noopener\">Projektseite<\/a> oder vereinbaren vor Ort einen <a href=\"https:\/\/www.beelitzheilstaetten.de\/kontakt\/\" target=\"_blank\" rel=\"noreferrer noopener\">Termin<\/a> in unserem Showroom.<\/p>\n","protected":false},"excerpt":{"rendered":"<p>In den vergangenen Monaten ist viel auf dem Gel\u00e4nde des Quartiers passiert!<\/p>\n","protected":false},"author":7,"featured_media":1736,"comment_status":"closed","ping_status":"closed","sticky":false,"template":"","format":"standard","meta":{"_acf_changed":false,"footnotes":""},"categories":[9],"tags":[],"class_list":["post-1738","post","type-post","status-publish","format-standard","has-post-thumbnail","hentry","category-blog"],"acf":[],"yoast_head":"<!-- This site is optimized with the Yoast SEO plugin v27.0 - https:\/\/yoast.com\/product\/yoast-seo-wordpress\/ -->\n<title>VERIMAG Vertriebs- und Marketingges. mbH - QUARTIER BEELITZ-HEILST\u00c4TTEN: Bauaktivit\u00e4ten gehen z\u00fcgig voran!<\/title>\n<meta name=\"robots\" content=\"index, follow, max-snippet:-1, max-image-preview:large, max-video-preview:-1\" \/>\n<link rel=\"canonical\" href=\"https:\/\/www.verimag.de\/de\/blog\/quartier-beelitz-heilstaetten-bauaktivitaeten-gehen-zuegig-voran\/\" \/>\n<meta property=\"og:locale\" content=\"de_DE\" \/>\n<meta property=\"og:type\" content=\"article\" \/>\n<meta property=\"og:title\" content=\"VERIMAG Vertriebs- und Marketingges. mbH - QUARTIER BEELITZ-HEILST\u00c4TTEN: Bauaktivit\u00e4ten gehen z\u00fcgig voran!\" \/>\n<meta property=\"og:description\" content=\"In den vergangenen Monaten ist viel auf dem Gel\u00e4nde des Quartiers passiert!\" \/>\n<meta property=\"og:url\" content=\"https:\/\/www.verimag.de\/de\/blog\/quartier-beelitz-heilstaetten-bauaktivitaeten-gehen-zuegig-voran\/\" \/>\n<meta property=\"og:site_name\" content=\"VERIMAG Vertriebs- und Marketingges. mbH\" \/>\n<meta property=\"article:published_time\" content=\"2022-10-11T09:49:05+00:00\" \/>\n<meta property=\"article:modified_time\" content=\"2025-06-02T08:56:14+00:00\" \/>\n<meta property=\"og:image\" content=\"https:\/\/www.verimag.de\/wp-content\/uploads\/2022\/10\/Ortszentrum-im-Bau-1024x576.png\" \/>\n\t<meta property=\"og:image:width\" content=\"1024\" \/>\n\t<meta property=\"og:image:height\" content=\"576\" \/>\n\t<meta property=\"og:image:type\" content=\"image\/png\" \/>\n<meta name=\"author\" content=\"Isabel Knabe\" \/>\n<meta name=\"twitter:card\" content=\"summary_large_image\" \/>\n<meta name=\"twitter:label1\" content=\"Verfasst von\" \/>\n\t<meta name=\"twitter:data1\" content=\"Isabel Knabe\" \/>\n\t<meta name=\"twitter:label2\" content=\"Gesch\u00e4tzte Lesezeit\" \/>\n\t<meta name=\"twitter:data2\" content=\"1\u00a0Minute\" \/>\n<script type=\"application\/ld+json\" class=\"yoast-schema-graph\">{\"@context\":\"https:\/\/schema.org\",\"@graph\":[{\"@type\":\"Article\",\"@id\":\"https:\/\/www.verimag.de\/de\/blog\/quartier-beelitz-heilstaetten-bauaktivitaeten-gehen-zuegig-voran\/#article\",\"isPartOf\":{\"@id\":\"https:\/\/www.verimag.de\/de\/blog\/quartier-beelitz-heilstaetten-bauaktivitaeten-gehen-zuegig-voran\/\"},\"author\":{\"name\":\"Isabel Knabe\",\"@id\":\"https:\/\/www.verimag.de\/de\/#\/schema\/person\/d7a322c5946818208cda9ab89a5f199d\"},\"headline\":\"QUARTIER BEELITZ-HEILST\u00c4TTEN: Bauaktivit\u00e4ten gehen z\u00fcgig voran!\",\"datePublished\":\"2022-10-11T09:49:05+00:00\",\"dateModified\":\"2025-06-02T08:56:14+00:00\",\"mainEntityOfPage\":{\"@id\":\"https:\/\/www.verimag.de\/de\/blog\/quartier-beelitz-heilstaetten-bauaktivitaeten-gehen-zuegig-voran\/\"},\"wordCount\":119,\"image\":{\"@id\":\"https:\/\/www.verimag.de\/de\/blog\/quartier-beelitz-heilstaetten-bauaktivitaeten-gehen-zuegig-voran\/#primaryimage\"},\"thumbnailUrl\":\"https:\/\/www.verimag.de\/wp-content\/uploads\/2022\/10\/Ortszentrum-im-Bau.png\",\"articleSection\":[\"Blog\"],\"inLanguage\":\"de\"},{\"@type\":\"WebPage\",\"@id\":\"https:\/\/www.verimag.de\/de\/blog\/quartier-beelitz-heilstaetten-bauaktivitaeten-gehen-zuegig-voran\/\",\"url\":\"https:\/\/www.verimag.de\/de\/blog\/quartier-beelitz-heilstaetten-bauaktivitaeten-gehen-zuegig-voran\/\",\"name\":\"VERIMAG Vertriebs- und Marketingges. mbH - QUARTIER BEELITZ-HEILST\u00c4TTEN: Bauaktivit\u00e4ten gehen z\u00fcgig voran!\",\"isPartOf\":{\"@id\":\"https:\/\/www.verimag.de\/de\/#website\"},\"primaryImageOfPage\":{\"@id\":\"https:\/\/www.verimag.de\/de\/blog\/quartier-beelitz-heilstaetten-bauaktivitaeten-gehen-zuegig-voran\/#primaryimage\"},\"image\":{\"@id\":\"https:\/\/www.verimag.de\/de\/blog\/quartier-beelitz-heilstaetten-bauaktivitaeten-gehen-zuegig-voran\/#primaryimage\"},\"thumbnailUrl\":\"https:\/\/www.verimag.de\/wp-content\/uploads\/2022\/10\/Ortszentrum-im-Bau.png\",\"datePublished\":\"2022-10-11T09:49:05+00:00\",\"dateModified\":\"2025-06-02T08:56:14+00:00\",\"author\":{\"@id\":\"https:\/\/www.verimag.de\/de\/#\/schema\/person\/d7a322c5946818208cda9ab89a5f199d\"},\"breadcrumb\":{\"@id\":\"https:\/\/www.verimag.de\/de\/blog\/quartier-beelitz-heilstaetten-bauaktivitaeten-gehen-zuegig-voran\/#breadcrumb\"},\"inLanguage\":\"de\",\"potentialAction\":[{\"@type\":\"ReadAction\",\"target\":[\"https:\/\/www.verimag.de\/de\/blog\/quartier-beelitz-heilstaetten-bauaktivitaeten-gehen-zuegig-voran\/\"]}]},{\"@type\":\"ImageObject\",\"inLanguage\":\"de\",\"@id\":\"https:\/\/www.verimag.de\/de\/blog\/quartier-beelitz-heilstaetten-bauaktivitaeten-gehen-zuegig-voran\/#primaryimage\",\"url\":\"https:\/\/www.verimag.de\/wp-content\/uploads\/2022\/10\/Ortszentrum-im-Bau.png\",\"contentUrl\":\"https:\/\/www.verimag.de\/wp-content\/uploads\/2022\/10\/Ortszentrum-im-Bau.png\",\"width\":3840,\"height\":2160},{\"@type\":\"BreadcrumbList\",\"@id\":\"https:\/\/www.verimag.de\/de\/blog\/quartier-beelitz-heilstaetten-bauaktivitaeten-gehen-zuegig-voran\/#breadcrumb\",\"itemListElement\":[{\"@type\":\"ListItem\",\"position\":1,\"name\":\"Startseite\",\"item\":\"https:\/\/www.verimag.de\/de\/\"},{\"@type\":\"ListItem\",\"position\":2,\"name\":\"Blog\",\"item\":\"https:\/\/www.verimag.de\/de\/category\/blog\/\"},{\"@type\":\"ListItem\",\"position\":3,\"name\":\"QUARTIER BEELITZ-HEILST\u00c4TTEN: Bauaktivit\u00e4ten gehen z\u00fcgig voran!\"}]},{\"@type\":\"WebSite\",\"@id\":\"https:\/\/www.verimag.de\/de\/#website\",\"url\":\"https:\/\/www.verimag.de\/de\/\",\"name\":\"VERIMAG Vertriebs- und Marketingges. mbH\",\"description\":\"\",\"potentialAction\":[{\"@type\":\"SearchAction\",\"target\":{\"@type\":\"EntryPoint\",\"urlTemplate\":\"https:\/\/www.verimag.de\/de\/?s={search_term_string}\"},\"query-input\":{\"@type\":\"PropertyValueSpecification\",\"valueRequired\":true,\"valueName\":\"search_term_string\"}}],\"inLanguage\":\"de\"},{\"@type\":\"Person\",\"@id\":\"https:\/\/www.verimag.de\/de\/#\/schema\/person\/d7a322c5946818208cda9ab89a5f199d\",\"name\":\"Isabel Knabe\",\"image\":{\"@type\":\"ImageObject\",\"inLanguage\":\"de\",\"@id\":\"https:\/\/www.verimag.de\/de\/#\/schema\/person\/image\/\",\"url\":\"https:\/\/secure.gravatar.com\/avatar\/b4b82a75ef75c8d003b4f736c51b7b1446381ff0584d96120f1fb42865c08a36?s=96&d=mm&r=g\",\"contentUrl\":\"https:\/\/secure.gravatar.com\/avatar\/b4b82a75ef75c8d003b4f736c51b7b1446381ff0584d96120f1fb42865c08a36?s=96&d=mm&r=g\",\"caption\":\"Isabel Knabe\"}}]}<\/script>\n<!-- \/ Yoast SEO plugin. -->","yoast_head_json":{"title":"VERIMAG Vertriebs- und Marketingges. mbH - QUARTIER BEELITZ-HEILST\u00c4TTEN: Bauaktivit\u00e4ten gehen z\u00fcgig voran!","robots":{"index":"index","follow":"follow","max-snippet":"max-snippet:-1","max-image-preview":"max-image-preview:large","max-video-preview":"max-video-preview:-1"},"canonical":"https:\/\/www.verimag.de\/de\/blog\/quartier-beelitz-heilstaetten-bauaktivitaeten-gehen-zuegig-voran\/","og_locale":"de_DE","og_type":"article","og_title":"VERIMAG Vertriebs- und Marketingges. mbH - QUARTIER BEELITZ-HEILST\u00c4TTEN: Bauaktivit\u00e4ten gehen z\u00fcgig voran!","og_description":"In den vergangenen Monaten ist viel auf dem Gel\u00e4nde des Quartiers passiert!","og_url":"https:\/\/www.verimag.de\/de\/blog\/quartier-beelitz-heilstaetten-bauaktivitaeten-gehen-zuegig-voran\/","og_site_name":"VERIMAG Vertriebs- und Marketingges. mbH","article_published_time":"2022-10-11T09:49:05+00:00","article_modified_time":"2025-06-02T08:56:14+00:00","og_image":[{"width":1024,"height":576,"url":"https:\/\/www.verimag.de\/wp-content\/uploads\/2022\/10\/Ortszentrum-im-Bau-1024x576.png","type":"image\/png"}],"author":"Isabel Knabe","twitter_card":"summary_large_image","twitter_misc":{"Verfasst von":"Isabel Knabe","Gesch\u00e4tzte Lesezeit":"1\u00a0Minute"},"schema":{"@context":"https:\/\/schema.org","@graph":[{"@type":"Article","@id":"https:\/\/www.verimag.de\/de\/blog\/quartier-beelitz-heilstaetten-bauaktivitaeten-gehen-zuegig-voran\/#article","isPartOf":{"@id":"https:\/\/www.verimag.de\/de\/blog\/quartier-beelitz-heilstaetten-bauaktivitaeten-gehen-zuegig-voran\/"},"author":{"name":"Isabel Knabe","@id":"https:\/\/www.verimag.de\/de\/#\/schema\/person\/d7a322c5946818208cda9ab89a5f199d"},"headline":"QUARTIER BEELITZ-HEILST\u00c4TTEN: Bauaktivit\u00e4ten gehen z\u00fcgig voran!","datePublished":"2022-10-11T09:49:05+00:00","dateModified":"2025-06-02T08:56:14+00:00","mainEntityOfPage":{"@id":"https:\/\/www.verimag.de\/de\/blog\/quartier-beelitz-heilstaetten-bauaktivitaeten-gehen-zuegig-voran\/"},"wordCount":119,"image":{"@id":"https:\/\/www.verimag.de\/de\/blog\/quartier-beelitz-heilstaetten-bauaktivitaeten-gehen-zuegig-voran\/#primaryimage"},"thumbnailUrl":"https:\/\/www.verimag.de\/wp-content\/uploads\/2022\/10\/Ortszentrum-im-Bau.png","articleSection":["Blog"],"inLanguage":"de"},{"@type":"WebPage","@id":"https:\/\/www.verimag.de\/de\/blog\/quartier-beelitz-heilstaetten-bauaktivitaeten-gehen-zuegig-voran\/","url":"https:\/\/www.verimag.de\/de\/blog\/quartier-beelitz-heilstaetten-bauaktivitaeten-gehen-zuegig-voran\/","name":"VERIMAG Vertriebs- und Marketingges. mbH - QUARTIER BEELITZ-HEILST\u00c4TTEN: Bauaktivit\u00e4ten gehen z\u00fcgig voran!","isPartOf":{"@id":"https:\/\/www.verimag.de\/de\/#website"},"primaryImageOfPage":{"@id":"https:\/\/www.verimag.de\/de\/blog\/quartier-beelitz-heilstaetten-bauaktivitaeten-gehen-zuegig-voran\/#primaryimage"},"image":{"@id":"https:\/\/www.verimag.de\/de\/blog\/quartier-beelitz-heilstaetten-bauaktivitaeten-gehen-zuegig-voran\/#primaryimage"},"thumbnailUrl":"https:\/\/www.verimag.de\/wp-content\/uploads\/2022\/10\/Ortszentrum-im-Bau.png","datePublished":"2022-10-11T09:49:05+00:00","dateModified":"2025-06-02T08:56:14+00:00","author":{"@id":"https:\/\/www.verimag.de\/de\/#\/schema\/person\/d7a322c5946818208cda9ab89a5f199d"},"breadcrumb":{"@id":"https:\/\/www.verimag.de\/de\/blog\/quartier-beelitz-heilstaetten-bauaktivitaeten-gehen-zuegig-voran\/#breadcrumb"},"inLanguage":"de","potentialAction":[{"@type":"ReadAction","target":["https:\/\/www.verimag.de\/de\/blog\/quartier-beelitz-heilstaetten-bauaktivitaeten-gehen-zuegig-voran\/"]}]},{"@type":"ImageObject","inLanguage":"de","@id":"https:\/\/www.verimag.de\/de\/blog\/quartier-beelitz-heilstaetten-bauaktivitaeten-gehen-zuegig-voran\/#primaryimage","url":"https:\/\/www.verimag.de\/wp-content\/uploads\/2022\/10\/Ortszentrum-im-Bau.png","contentUrl":"https:\/\/www.verimag.de\/wp-content\/uploads\/2022\/10\/Ortszentrum-im-Bau.png","width":3840,"height":2160},{"@type":"BreadcrumbList","@id":"https:\/\/www.verimag.de\/de\/blog\/quartier-beelitz-heilstaetten-bauaktivitaeten-gehen-zuegig-voran\/#breadcrumb","itemListElement":[{"@type":"ListItem","position":1,"name":"Startseite","item":"https:\/\/www.verimag.de\/de\/"},{"@type":"ListItem","position":2,"name":"Blog","item":"https:\/\/www.verimag.de\/de\/category\/blog\/"},{"@type":"ListItem","position":3,"name":"QUARTIER BEELITZ-HEILST\u00c4TTEN: Bauaktivit\u00e4ten gehen z\u00fcgig voran!"}]},{"@type":"WebSite","@id":"https:\/\/www.verimag.de\/de\/#website","url":"https:\/\/www.verimag.de\/de\/","name":"VERIMAG Vertriebs- und Marketingges. mbH","description":"","potentialAction":[{"@type":"SearchAction","target":{"@type":"EntryPoint","urlTemplate":"https:\/\/www.verimag.de\/de\/?s={search_term_string}"},"query-input":{"@type":"PropertyValueSpecification","valueRequired":true,"valueName":"search_term_string"}}],"inLanguage":"de"},{"@type":"Person","@id":"https:\/\/www.verimag.de\/de\/#\/schema\/person\/d7a322c5946818208cda9ab89a5f199d","name":"Isabel Knabe","image":{"@type":"ImageObject","inLanguage":"de","@id":"https:\/\/www.verimag.de\/de\/#\/schema\/person\/image\/","url":"https:\/\/secure.gravatar.com\/avatar\/b4b82a75ef75c8d003b4f736c51b7b1446381ff0584d96120f1fb42865c08a36?s=96&d=mm&r=g","contentUrl":"https:\/\/secure.gravatar.com\/avatar\/b4b82a75ef75c8d003b4f736c51b7b1446381ff0584d96120f1fb42865c08a36?s=96&d=mm&r=g","caption":"Isabel Knabe"}}]}},"_links":{"self":[{"href":"https:\/\/www.verimag.de\/de\/wp-json\/wp\/v2\/posts\/1738","targetHints":{"allow":["GET"]}}],"collection":[{"href":"https:\/\/www.verimag.de\/de\/wp-json\/wp\/v2\/posts"}],"about":[{"href":"https:\/\/www.verimag.de\/de\/wp-json\/wp\/v2\/types\/post"}],"author":[{"embeddable":true,"href":"https:\/\/www.verimag.de\/de\/wp-json\/wp\/v2\/users\/7"}],"replies":[{"embeddable":true,"href":"https:\/\/www.verimag.de\/de\/wp-json\/wp\/v2\/comments?post=1738"}],"version-history":[{"count":1,"href":"https:\/\/www.verimag.de\/de\/wp-json\/wp\/v2\/posts\/1738\/revisions"}],"predecessor-version":[{"id":1739,"href":"https:\/\/www.verimag.de\/de\/wp-json\/wp\/v2\/posts\/1738\/revisions\/1739"}],"wp:featuredmedia":[{"embeddable":true,"href":"https:\/\/www.verimag.de\/de\/wp-json\/wp\/v2\/media\/1736"}],"wp:attachment":[{"href":"https:\/\/www.verimag.de\/de\/wp-json\/wp\/v2\/media?parent=1738"}],"wp:term":[{"taxonomy":"category","embeddable":true,"href":"https:\/\/www.verimag.de\/de\/wp-json\/wp\/v2\/categories?post=1738"},{"taxonomy":"post_tag","embeddable":true,"href":"https:\/\/www.verimag.de\/de\/wp-json\/wp\/v2\/tags?post=1738"}],"curies":[{"name":"wp","href":"https:\/\/api.w.org\/{rel}","templated":true}]}}