{"id":1615,"date":"2021-09-30T13:48:09","date_gmt":"2021-09-30T11:48:09","guid":{"rendered":"https:\/\/www.verimag.de\/?p=1615"},"modified":"2025-06-02T10:57:04","modified_gmt":"2025-06-02T08:57:04","slug":"wohnen-am-plaenterwald-alle-wohnungen-verkauft","status":"publish","type":"post","link":"https:\/\/www.verimag.de\/de\/blog\/wohnen-am-plaenterwald-alle-wohnungen-verkauft\/","title":{"rendered":"\u201eWohnen am Pl\u00e4nterwald\u201c: Alle Wohnungen verkauft!"},"content":{"rendered":"\n<p>Alle 62 Wohnungen unseres Projektes im beliebten Berliner Stadtteil Treptow, eines der gr\u00fcnsten Bezirke Berlins, sind nun verkauft.<\/p>\n\n\n\n<p>Bei Interesse f\u00fcr weitere Projekte lassen Sie sich gerne f\u00fcr unsere Folgebauvorhaben \u00fcber das <a href=\"https:\/\/www.verimag.de\/de\/kontakt\/\">Kontaktformular<\/a> oder telefonisch registrieren.<\/p>\n","protected":false},"excerpt":{"rendered":"<p>Alle 62 Wohnungen unseres Projektes im beliebten Berliner Stadtteil sind nun verkauft.<\/p>\n","protected":false},"author":7,"featured_media":1422,"comment_status":"closed","ping_status":"closed","sticky":true,"template":"","format":"standard","meta":{"_acf_changed":false,"footnotes":""},"categories":[9],"tags":[],"class_list":["post-1615","post","type-post","status-publish","format-standard","has-post-thumbnail","hentry","category-blog"],"acf":[],"yoast_head":"<!-- This site is optimized with the Yoast SEO plugin v27.0 - https:\/\/yoast.com\/product\/yoast-seo-wordpress\/ -->\n<title>VERIMAG Vertriebs- und Marketingges. mbH - \u201eWohnen am Pl\u00e4nterwald\u201c: Alle Wohnungen verkauft!<\/title>\n<meta name=\"robots\" content=\"index, follow, max-snippet:-1, max-image-preview:large, max-video-preview:-1\" \/>\n<link rel=\"canonical\" href=\"https:\/\/www.verimag.de\/de\/blog\/wohnen-am-plaenterwald-alle-wohnungen-verkauft\/\" \/>\n<meta property=\"og:locale\" content=\"de_DE\" \/>\n<meta property=\"og:type\" content=\"article\" \/>\n<meta property=\"og:title\" content=\"VERIMAG Vertriebs- und Marketingges. mbH - \u201eWohnen am Pl\u00e4nterwald\u201c: Alle Wohnungen verkauft!\" \/>\n<meta property=\"og:description\" content=\"Alle 62 Wohnungen unseres Projektes im beliebten Berliner Stadtteil sind nun verkauft.\" \/>\n<meta property=\"og:url\" content=\"https:\/\/www.verimag.de\/de\/blog\/wohnen-am-plaenterwald-alle-wohnungen-verkauft\/\" \/>\n<meta property=\"og:site_name\" content=\"VERIMAG Vertriebs- und Marketingges. mbH\" \/>\n<meta property=\"article:published_time\" content=\"2021-09-30T11:48:09+00:00\" \/>\n<meta property=\"article:modified_time\" content=\"2025-06-02T08:57:04+00:00\" \/>\n<meta property=\"og:image\" content=\"https:\/\/www.verimag.de\/wp-content\/uploads\/2020\/04\/Stra\u00dfenansicht_Wohnen_am_Plaenterwald_Startbild.jpg\" \/>\n\t<meta property=\"og:image:width\" content=\"1757\" \/>\n\t<meta property=\"og:image:height\" content=\"1000\" \/>\n\t<meta property=\"og:image:type\" content=\"image\/jpeg\" \/>\n<meta name=\"author\" content=\"Isabel Knabe\" \/>\n<meta name=\"twitter:card\" content=\"summary_large_image\" \/>\n<meta name=\"twitter:label1\" content=\"Verfasst von\" \/>\n\t<meta name=\"twitter:data1\" content=\"Isabel Knabe\" \/>\n\t<meta name=\"twitter:label2\" content=\"Gesch\u00e4tzte Lesezeit\" \/>\n\t<meta name=\"twitter:data2\" content=\"1\u00a0Minute\" \/>\n<script type=\"application\/ld+json\" class=\"yoast-schema-graph\">{\"@context\":\"https:\/\/schema.org\",\"@graph\":[{\"@type\":\"Article\",\"@id\":\"https:\/\/www.verimag.de\/de\/blog\/wohnen-am-plaenterwald-alle-wohnungen-verkauft\/#article\",\"isPartOf\":{\"@id\":\"https:\/\/www.verimag.de\/de\/blog\/wohnen-am-plaenterwald-alle-wohnungen-verkauft\/\"},\"author\":{\"name\":\"Isabel Knabe\",\"@id\":\"https:\/\/www.verimag.de\/de\/#\/schema\/person\/d7a322c5946818208cda9ab89a5f199d\"},\"headline\":\"\u201eWohnen am Pl\u00e4nterwald\u201c: Alle Wohnungen verkauft!\",\"datePublished\":\"2021-09-30T11:48:09+00:00\",\"dateModified\":\"2025-06-02T08:57:04+00:00\",\"mainEntityOfPage\":{\"@id\":\"https:\/\/www.verimag.de\/de\/blog\/wohnen-am-plaenterwald-alle-wohnungen-verkauft\/\"},\"wordCount\":45,\"image\":{\"@id\":\"https:\/\/www.verimag.de\/de\/blog\/wohnen-am-plaenterwald-alle-wohnungen-verkauft\/#primaryimage\"},\"thumbnailUrl\":\"https:\/\/www.verimag.de\/wp-content\/uploads\/2020\/04\/Stra\u00dfenansicht_Wohnen_am_Plaenterwald_Startbild.jpg\",\"articleSection\":[\"Blog\"],\"inLanguage\":\"de\"},{\"@type\":\"WebPage\",\"@id\":\"https:\/\/www.verimag.de\/de\/blog\/wohnen-am-plaenterwald-alle-wohnungen-verkauft\/\",\"url\":\"https:\/\/www.verimag.de\/de\/blog\/wohnen-am-plaenterwald-alle-wohnungen-verkauft\/\",\"name\":\"VERIMAG Vertriebs- und Marketingges. mbH - \u201eWohnen am Pl\u00e4nterwald\u201c: Alle Wohnungen verkauft!\",\"isPartOf\":{\"@id\":\"https:\/\/www.verimag.de\/de\/#website\"},\"primaryImageOfPage\":{\"@id\":\"https:\/\/www.verimag.de\/de\/blog\/wohnen-am-plaenterwald-alle-wohnungen-verkauft\/#primaryimage\"},\"image\":{\"@id\":\"https:\/\/www.verimag.de\/de\/blog\/wohnen-am-plaenterwald-alle-wohnungen-verkauft\/#primaryimage\"},\"thumbnailUrl\":\"https:\/\/www.verimag.de\/wp-content\/uploads\/2020\/04\/Stra\u00dfenansicht_Wohnen_am_Plaenterwald_Startbild.jpg\",\"datePublished\":\"2021-09-30T11:48:09+00:00\",\"dateModified\":\"2025-06-02T08:57:04+00:00\",\"author\":{\"@id\":\"https:\/\/www.verimag.de\/de\/#\/schema\/person\/d7a322c5946818208cda9ab89a5f199d\"},\"breadcrumb\":{\"@id\":\"https:\/\/www.verimag.de\/de\/blog\/wohnen-am-plaenterwald-alle-wohnungen-verkauft\/#breadcrumb\"},\"inLanguage\":\"de\",\"potentialAction\":[{\"@type\":\"ReadAction\",\"target\":[\"https:\/\/www.verimag.de\/de\/blog\/wohnen-am-plaenterwald-alle-wohnungen-verkauft\/\"]}]},{\"@type\":\"ImageObject\",\"inLanguage\":\"de\",\"@id\":\"https:\/\/www.verimag.de\/de\/blog\/wohnen-am-plaenterwald-alle-wohnungen-verkauft\/#primaryimage\",\"url\":\"https:\/\/www.verimag.de\/wp-content\/uploads\/2020\/04\/Stra\u00dfenansicht_Wohnen_am_Plaenterwald_Startbild.jpg\",\"contentUrl\":\"https:\/\/www.verimag.de\/wp-content\/uploads\/2020\/04\/Stra\u00dfenansicht_Wohnen_am_Plaenterwald_Startbild.jpg\",\"width\":1757,\"height\":1000},{\"@type\":\"BreadcrumbList\",\"@id\":\"https:\/\/www.verimag.de\/de\/blog\/wohnen-am-plaenterwald-alle-wohnungen-verkauft\/#breadcrumb\",\"itemListElement\":[{\"@type\":\"ListItem\",\"position\":1,\"name\":\"Startseite\",\"item\":\"https:\/\/www.verimag.de\/de\/\"},{\"@type\":\"ListItem\",\"position\":2,\"name\":\"Blog\",\"item\":\"https:\/\/www.verimag.de\/de\/category\/blog\/\"},{\"@type\":\"ListItem\",\"position\":3,\"name\":\"\u201eWohnen am Pl\u00e4nterwald\u201c: Alle Wohnungen verkauft!\"}]},{\"@type\":\"WebSite\",\"@id\":\"https:\/\/www.verimag.de\/de\/#website\",\"url\":\"https:\/\/www.verimag.de\/de\/\",\"name\":\"VERIMAG Vertriebs- und Marketingges. mbH\",\"description\":\"\",\"potentialAction\":[{\"@type\":\"SearchAction\",\"target\":{\"@type\":\"EntryPoint\",\"urlTemplate\":\"https:\/\/www.verimag.de\/de\/?s={search_term_string}\"},\"query-input\":{\"@type\":\"PropertyValueSpecification\",\"valueRequired\":true,\"valueName\":\"search_term_string\"}}],\"inLanguage\":\"de\"},{\"@type\":\"Person\",\"@id\":\"https:\/\/www.verimag.de\/de\/#\/schema\/person\/d7a322c5946818208cda9ab89a5f199d\",\"name\":\"Isabel Knabe\",\"image\":{\"@type\":\"ImageObject\",\"inLanguage\":\"de\",\"@id\":\"https:\/\/www.verimag.de\/de\/#\/schema\/person\/image\/\",\"url\":\"https:\/\/secure.gravatar.com\/avatar\/b4b82a75ef75c8d003b4f736c51b7b1446381ff0584d96120f1fb42865c08a36?s=96&d=mm&r=g\",\"contentUrl\":\"https:\/\/secure.gravatar.com\/avatar\/b4b82a75ef75c8d003b4f736c51b7b1446381ff0584d96120f1fb42865c08a36?s=96&d=mm&r=g\",\"caption\":\"Isabel Knabe\"}}]}<\/script>\n<!-- \/ Yoast SEO plugin. -->","yoast_head_json":{"title":"VERIMAG Vertriebs- und Marketingges. mbH - \u201eWohnen am Pl\u00e4nterwald\u201c: Alle Wohnungen verkauft!","robots":{"index":"index","follow":"follow","max-snippet":"max-snippet:-1","max-image-preview":"max-image-preview:large","max-video-preview":"max-video-preview:-1"},"canonical":"https:\/\/www.verimag.de\/de\/blog\/wohnen-am-plaenterwald-alle-wohnungen-verkauft\/","og_locale":"de_DE","og_type":"article","og_title":"VERIMAG Vertriebs- und Marketingges. mbH - \u201eWohnen am Pl\u00e4nterwald\u201c: Alle Wohnungen verkauft!","og_description":"Alle 62 Wohnungen unseres Projektes im beliebten Berliner Stadtteil sind nun verkauft.","og_url":"https:\/\/www.verimag.de\/de\/blog\/wohnen-am-plaenterwald-alle-wohnungen-verkauft\/","og_site_name":"VERIMAG Vertriebs- und Marketingges. mbH","article_published_time":"2021-09-30T11:48:09+00:00","article_modified_time":"2025-06-02T08:57:04+00:00","og_image":[{"width":1757,"height":1000,"url":"https:\/\/www.verimag.de\/wp-content\/uploads\/2020\/04\/Stra\u00dfenansicht_Wohnen_am_Plaenterwald_Startbild.jpg","type":"image\/jpeg"}],"author":"Isabel Knabe","twitter_card":"summary_large_image","twitter_misc":{"Verfasst von":"Isabel Knabe","Gesch\u00e4tzte Lesezeit":"1\u00a0Minute"},"schema":{"@context":"https:\/\/schema.org","@graph":[{"@type":"Article","@id":"https:\/\/www.verimag.de\/de\/blog\/wohnen-am-plaenterwald-alle-wohnungen-verkauft\/#article","isPartOf":{"@id":"https:\/\/www.verimag.de\/de\/blog\/wohnen-am-plaenterwald-alle-wohnungen-verkauft\/"},"author":{"name":"Isabel Knabe","@id":"https:\/\/www.verimag.de\/de\/#\/schema\/person\/d7a322c5946818208cda9ab89a5f199d"},"headline":"\u201eWohnen am Pl\u00e4nterwald\u201c: Alle Wohnungen verkauft!","datePublished":"2021-09-30T11:48:09+00:00","dateModified":"2025-06-02T08:57:04+00:00","mainEntityOfPage":{"@id":"https:\/\/www.verimag.de\/de\/blog\/wohnen-am-plaenterwald-alle-wohnungen-verkauft\/"},"wordCount":45,"image":{"@id":"https:\/\/www.verimag.de\/de\/blog\/wohnen-am-plaenterwald-alle-wohnungen-verkauft\/#primaryimage"},"thumbnailUrl":"https:\/\/www.verimag.de\/wp-content\/uploads\/2020\/04\/Stra\u00dfenansicht_Wohnen_am_Plaenterwald_Startbild.jpg","articleSection":["Blog"],"inLanguage":"de"},{"@type":"WebPage","@id":"https:\/\/www.verimag.de\/de\/blog\/wohnen-am-plaenterwald-alle-wohnungen-verkauft\/","url":"https:\/\/www.verimag.de\/de\/blog\/wohnen-am-plaenterwald-alle-wohnungen-verkauft\/","name":"VERIMAG Vertriebs- und Marketingges. mbH - \u201eWohnen am Pl\u00e4nterwald\u201c: Alle Wohnungen verkauft!","isPartOf":{"@id":"https:\/\/www.verimag.de\/de\/#website"},"primaryImageOfPage":{"@id":"https:\/\/www.verimag.de\/de\/blog\/wohnen-am-plaenterwald-alle-wohnungen-verkauft\/#primaryimage"},"image":{"@id":"https:\/\/www.verimag.de\/de\/blog\/wohnen-am-plaenterwald-alle-wohnungen-verkauft\/#primaryimage"},"thumbnailUrl":"https:\/\/www.verimag.de\/wp-content\/uploads\/2020\/04\/Stra\u00dfenansicht_Wohnen_am_Plaenterwald_Startbild.jpg","datePublished":"2021-09-30T11:48:09+00:00","dateModified":"2025-06-02T08:57:04+00:00","author":{"@id":"https:\/\/www.verimag.de\/de\/#\/schema\/person\/d7a322c5946818208cda9ab89a5f199d"},"breadcrumb":{"@id":"https:\/\/www.verimag.de\/de\/blog\/wohnen-am-plaenterwald-alle-wohnungen-verkauft\/#breadcrumb"},"inLanguage":"de","potentialAction":[{"@type":"ReadAction","target":["https:\/\/www.verimag.de\/de\/blog\/wohnen-am-plaenterwald-alle-wohnungen-verkauft\/"]}]},{"@type":"ImageObject","inLanguage":"de","@id":"https:\/\/www.verimag.de\/de\/blog\/wohnen-am-plaenterwald-alle-wohnungen-verkauft\/#primaryimage","url":"https:\/\/www.verimag.de\/wp-content\/uploads\/2020\/04\/Stra\u00dfenansicht_Wohnen_am_Plaenterwald_Startbild.jpg","contentUrl":"https:\/\/www.verimag.de\/wp-content\/uploads\/2020\/04\/Stra\u00dfenansicht_Wohnen_am_Plaenterwald_Startbild.jpg","width":1757,"height":1000},{"@type":"BreadcrumbList","@id":"https:\/\/www.verimag.de\/de\/blog\/wohnen-am-plaenterwald-alle-wohnungen-verkauft\/#breadcrumb","itemListElement":[{"@type":"ListItem","position":1,"name":"Startseite","item":"https:\/\/www.verimag.de\/de\/"},{"@type":"ListItem","position":2,"name":"Blog","item":"https:\/\/www.verimag.de\/de\/category\/blog\/"},{"@type":"ListItem","position":3,"name":"\u201eWohnen am Pl\u00e4nterwald\u201c: Alle Wohnungen verkauft!"}]},{"@type":"WebSite","@id":"https:\/\/www.verimag.de\/de\/#website","url":"https:\/\/www.verimag.de\/de\/","name":"VERIMAG Vertriebs- und Marketingges. mbH","description":"","potentialAction":[{"@type":"SearchAction","target":{"@type":"EntryPoint","urlTemplate":"https:\/\/www.verimag.de\/de\/?s={search_term_string}"},"query-input":{"@type":"PropertyValueSpecification","valueRequired":true,"valueName":"search_term_string"}}],"inLanguage":"de"},{"@type":"Person","@id":"https:\/\/www.verimag.de\/de\/#\/schema\/person\/d7a322c5946818208cda9ab89a5f199d","name":"Isabel Knabe","image":{"@type":"ImageObject","inLanguage":"de","@id":"https:\/\/www.verimag.de\/de\/#\/schema\/person\/image\/","url":"https:\/\/secure.gravatar.com\/avatar\/b4b82a75ef75c8d003b4f736c51b7b1446381ff0584d96120f1fb42865c08a36?s=96&d=mm&r=g","contentUrl":"https:\/\/secure.gravatar.com\/avatar\/b4b82a75ef75c8d003b4f736c51b7b1446381ff0584d96120f1fb42865c08a36?s=96&d=mm&r=g","caption":"Isabel Knabe"}}]}},"_links":{"self":[{"href":"https:\/\/www.verimag.de\/de\/wp-json\/wp\/v2\/posts\/1615","targetHints":{"allow":["GET"]}}],"collection":[{"href":"https:\/\/www.verimag.de\/de\/wp-json\/wp\/v2\/posts"}],"about":[{"href":"https:\/\/www.verimag.de\/de\/wp-json\/wp\/v2\/types\/post"}],"author":[{"embeddable":true,"href":"https:\/\/www.verimag.de\/de\/wp-json\/wp\/v2\/users\/7"}],"replies":[{"embeddable":true,"href":"https:\/\/www.verimag.de\/de\/wp-json\/wp\/v2\/comments?post=1615"}],"version-history":[{"count":4,"href":"https:\/\/www.verimag.de\/de\/wp-json\/wp\/v2\/posts\/1615\/revisions"}],"predecessor-version":[{"id":1621,"href":"https:\/\/www.verimag.de\/de\/wp-json\/wp\/v2\/posts\/1615\/revisions\/1621"}],"wp:featuredmedia":[{"embeddable":true,"href":"https:\/\/www.verimag.de\/de\/wp-json\/wp\/v2\/media\/1422"}],"wp:attachment":[{"href":"https:\/\/www.verimag.de\/de\/wp-json\/wp\/v2\/media?parent=1615"}],"wp:term":[{"taxonomy":"category","embeddable":true,"href":"https:\/\/www.verimag.de\/de\/wp-json\/wp\/v2\/categories?post=1615"},{"taxonomy":"post_tag","embeddable":true,"href":"https:\/\/www.verimag.de\/de\/wp-json\/wp\/v2\/tags?post=1615"}],"curies":[{"name":"wp","href":"https:\/\/api.w.org\/{rel}","templated":true}]}}