{"id":1589,"date":"2021-08-27T11:00:00","date_gmt":"2021-08-27T09:00:00","guid":{"rendered":"https:\/\/www.verimag.de\/?p=1589"},"modified":"2025-06-02T10:57:14","modified_gmt":"2025-06-02T08:57:14","slug":"verkaufsstart-quartier-beelitz-heilstaetten","status":"publish","type":"post","link":"https:\/\/www.verimag.de\/de\/blog\/verkaufsstart-quartier-beelitz-heilstaetten\/","title":{"rendered":"QUARTIER BEELITZ-HEILST\u00c4TTEN \u2013 Verkaufsstart erfolgt!"},"content":{"rendered":"\n<p>Unser neues Projekt auf dem weitl\u00e4ufigen Terrain der historischen Heilst\u00e4tten in Beelitz ist gestartet!<\/p>\n\n\n\n<p>Das QUARTIER BEELITZ-HEILST\u00c4TTEN ist der ideale Ort f\u00fcr alle, die N\u00e4he zur Natur suchen und den Anschluss an die Gro\u00dfstadt nicht verlieren m\u00f6chten. Es entstehen verschiedene Einfamilienhaustypologien auf gro\u00dfen real geteilten Grundst\u00fccken sowie komfortable Eigentumswohnungen mit 2,3 oder 4 Zimmern. Die aufw\u00e4ndige Architektur spiegelt die Fassadendetails und Stilelemente der historischen Geb\u00e4ude wider.<\/p>\n\n\n\n<p>Sichern Sie sich eines der 88 attraktiven Einfamilienh\u00e4user oder eine der 104 Eigentumswohnungen in der ersten Vermarktungsphase.<\/p>\n\n\n\n<p>Bei Interesse finden Sie auf unserer Projektseite n\u00e4here Informationen und Wohnungsbeispiele zum Bauvorhaben. Sie erreichen uns au\u00dferdem telefonisch oder per E-Mail sowie jederzeit \u00fcber das Kontaktformular.<\/p>\n","protected":false},"excerpt":{"rendered":"<p>Unser neues Projekt auf dem weitl\u00e4ufigen Terrain der historischen Heilst\u00e4tten in Beelitz ist gestartet!<\/p>\n","protected":false},"author":7,"featured_media":1568,"comment_status":"closed","ping_status":"closed","sticky":true,"template":"","format":"standard","meta":{"_acf_changed":false,"footnotes":""},"categories":[9],"tags":[],"class_list":["post-1589","post","type-post","status-publish","format-standard","has-post-thumbnail","hentry","category-blog"],"acf":[],"yoast_head":"<!-- This site is optimized with the Yoast SEO plugin v27.0 - https:\/\/yoast.com\/product\/yoast-seo-wordpress\/ -->\n<title>VERIMAG Vertriebs- und Marketingges. mbH - QUARTIER BEELITZ-HEILST\u00c4TTEN \u2013 Verkaufsstart erfolgt!<\/title>\n<meta name=\"robots\" content=\"index, follow, max-snippet:-1, max-image-preview:large, max-video-preview:-1\" \/>\n<link rel=\"canonical\" href=\"https:\/\/www.verimag.de\/de\/blog\/verkaufsstart-quartier-beelitz-heilstaetten\/\" \/>\n<meta property=\"og:locale\" content=\"de_DE\" \/>\n<meta property=\"og:type\" content=\"article\" \/>\n<meta property=\"og:title\" content=\"VERIMAG Vertriebs- und Marketingges. mbH - QUARTIER BEELITZ-HEILST\u00c4TTEN \u2013 Verkaufsstart erfolgt!\" \/>\n<meta property=\"og:description\" content=\"Unser neues Projekt auf dem weitl\u00e4ufigen Terrain der historischen Heilst\u00e4tten in Beelitz ist gestartet!\" \/>\n<meta property=\"og:url\" content=\"https:\/\/www.verimag.de\/de\/blog\/verkaufsstart-quartier-beelitz-heilstaetten\/\" \/>\n<meta property=\"og:site_name\" content=\"VERIMAG Vertriebs- und Marketingges. mbH\" \/>\n<meta property=\"article:published_time\" content=\"2021-08-27T09:00:00+00:00\" \/>\n<meta property=\"article:modified_time\" content=\"2025-06-02T08:57:14+00:00\" \/>\n<meta property=\"og:image\" content=\"https:\/\/www.verimag.de\/wp-content\/uploads\/2021\/04\/Quartier-Beelitz-Heilstaetten.jpg\" \/>\n\t<meta property=\"og:image:width\" content=\"1024\" \/>\n\t<meta property=\"og:image:height\" content=\"768\" \/>\n\t<meta property=\"og:image:type\" content=\"image\/jpeg\" \/>\n<meta name=\"author\" content=\"Isabel Knabe\" \/>\n<meta name=\"twitter:card\" content=\"summary_large_image\" \/>\n<meta name=\"twitter:label1\" content=\"Verfasst von\" \/>\n\t<meta name=\"twitter:data1\" content=\"Isabel Knabe\" \/>\n\t<meta name=\"twitter:label2\" content=\"Gesch\u00e4tzte Lesezeit\" \/>\n\t<meta name=\"twitter:data2\" content=\"1\u00a0Minute\" \/>\n<script type=\"application\/ld+json\" class=\"yoast-schema-graph\">{\"@context\":\"https:\/\/schema.org\",\"@graph\":[{\"@type\":\"Article\",\"@id\":\"https:\/\/www.verimag.de\/de\/blog\/verkaufsstart-quartier-beelitz-heilstaetten\/#article\",\"isPartOf\":{\"@id\":\"https:\/\/www.verimag.de\/de\/blog\/verkaufsstart-quartier-beelitz-heilstaetten\/\"},\"author\":{\"name\":\"Isabel Knabe\",\"@id\":\"https:\/\/www.verimag.de\/de\/#\/schema\/person\/d7a322c5946818208cda9ab89a5f199d\"},\"headline\":\"QUARTIER BEELITZ-HEILST\u00c4TTEN \u2013 Verkaufsstart erfolgt!\",\"datePublished\":\"2021-08-27T09:00:00+00:00\",\"dateModified\":\"2025-06-02T08:57:14+00:00\",\"mainEntityOfPage\":{\"@id\":\"https:\/\/www.verimag.de\/de\/blog\/verkaufsstart-quartier-beelitz-heilstaetten\/\"},\"wordCount\":124,\"image\":{\"@id\":\"https:\/\/www.verimag.de\/de\/blog\/verkaufsstart-quartier-beelitz-heilstaetten\/#primaryimage\"},\"thumbnailUrl\":\"https:\/\/www.verimag.de\/wp-content\/uploads\/2021\/04\/Quartier-Beelitz-Heilstaetten.jpg\",\"articleSection\":[\"Blog\"],\"inLanguage\":\"de\"},{\"@type\":\"WebPage\",\"@id\":\"https:\/\/www.verimag.de\/de\/blog\/verkaufsstart-quartier-beelitz-heilstaetten\/\",\"url\":\"https:\/\/www.verimag.de\/de\/blog\/verkaufsstart-quartier-beelitz-heilstaetten\/\",\"name\":\"VERIMAG Vertriebs- und Marketingges. mbH - QUARTIER BEELITZ-HEILST\u00c4TTEN \u2013 Verkaufsstart erfolgt!\",\"isPartOf\":{\"@id\":\"https:\/\/www.verimag.de\/de\/#website\"},\"primaryImageOfPage\":{\"@id\":\"https:\/\/www.verimag.de\/de\/blog\/verkaufsstart-quartier-beelitz-heilstaetten\/#primaryimage\"},\"image\":{\"@id\":\"https:\/\/www.verimag.de\/de\/blog\/verkaufsstart-quartier-beelitz-heilstaetten\/#primaryimage\"},\"thumbnailUrl\":\"https:\/\/www.verimag.de\/wp-content\/uploads\/2021\/04\/Quartier-Beelitz-Heilstaetten.jpg\",\"datePublished\":\"2021-08-27T09:00:00+00:00\",\"dateModified\":\"2025-06-02T08:57:14+00:00\",\"author\":{\"@id\":\"https:\/\/www.verimag.de\/de\/#\/schema\/person\/d7a322c5946818208cda9ab89a5f199d\"},\"breadcrumb\":{\"@id\":\"https:\/\/www.verimag.de\/de\/blog\/verkaufsstart-quartier-beelitz-heilstaetten\/#breadcrumb\"},\"inLanguage\":\"de\",\"potentialAction\":[{\"@type\":\"ReadAction\",\"target\":[\"https:\/\/www.verimag.de\/de\/blog\/verkaufsstart-quartier-beelitz-heilstaetten\/\"]}]},{\"@type\":\"ImageObject\",\"inLanguage\":\"de\",\"@id\":\"https:\/\/www.verimag.de\/de\/blog\/verkaufsstart-quartier-beelitz-heilstaetten\/#primaryimage\",\"url\":\"https:\/\/www.verimag.de\/wp-content\/uploads\/2021\/04\/Quartier-Beelitz-Heilstaetten.jpg\",\"contentUrl\":\"https:\/\/www.verimag.de\/wp-content\/uploads\/2021\/04\/Quartier-Beelitz-Heilstaetten.jpg\",\"width\":1024,\"height\":768},{\"@type\":\"BreadcrumbList\",\"@id\":\"https:\/\/www.verimag.de\/de\/blog\/verkaufsstart-quartier-beelitz-heilstaetten\/#breadcrumb\",\"itemListElement\":[{\"@type\":\"ListItem\",\"position\":1,\"name\":\"Startseite\",\"item\":\"https:\/\/www.verimag.de\/de\/\"},{\"@type\":\"ListItem\",\"position\":2,\"name\":\"Blog\",\"item\":\"https:\/\/www.verimag.de\/de\/category\/blog\/\"},{\"@type\":\"ListItem\",\"position\":3,\"name\":\"QUARTIER BEELITZ-HEILST\u00c4TTEN \u2013 Verkaufsstart erfolgt!\"}]},{\"@type\":\"WebSite\",\"@id\":\"https:\/\/www.verimag.de\/de\/#website\",\"url\":\"https:\/\/www.verimag.de\/de\/\",\"name\":\"VERIMAG Vertriebs- und Marketingges. mbH\",\"description\":\"\",\"potentialAction\":[{\"@type\":\"SearchAction\",\"target\":{\"@type\":\"EntryPoint\",\"urlTemplate\":\"https:\/\/www.verimag.de\/de\/?s={search_term_string}\"},\"query-input\":{\"@type\":\"PropertyValueSpecification\",\"valueRequired\":true,\"valueName\":\"search_term_string\"}}],\"inLanguage\":\"de\"},{\"@type\":\"Person\",\"@id\":\"https:\/\/www.verimag.de\/de\/#\/schema\/person\/d7a322c5946818208cda9ab89a5f199d\",\"name\":\"Isabel Knabe\",\"image\":{\"@type\":\"ImageObject\",\"inLanguage\":\"de\",\"@id\":\"https:\/\/www.verimag.de\/de\/#\/schema\/person\/image\/\",\"url\":\"https:\/\/secure.gravatar.com\/avatar\/b4b82a75ef75c8d003b4f736c51b7b1446381ff0584d96120f1fb42865c08a36?s=96&d=mm&r=g\",\"contentUrl\":\"https:\/\/secure.gravatar.com\/avatar\/b4b82a75ef75c8d003b4f736c51b7b1446381ff0584d96120f1fb42865c08a36?s=96&d=mm&r=g\",\"caption\":\"Isabel Knabe\"}}]}<\/script>\n<!-- \/ Yoast SEO plugin. -->","yoast_head_json":{"title":"VERIMAG Vertriebs- und Marketingges. mbH - QUARTIER BEELITZ-HEILST\u00c4TTEN \u2013 Verkaufsstart erfolgt!","robots":{"index":"index","follow":"follow","max-snippet":"max-snippet:-1","max-image-preview":"max-image-preview:large","max-video-preview":"max-video-preview:-1"},"canonical":"https:\/\/www.verimag.de\/de\/blog\/verkaufsstart-quartier-beelitz-heilstaetten\/","og_locale":"de_DE","og_type":"article","og_title":"VERIMAG Vertriebs- und Marketingges. mbH - QUARTIER BEELITZ-HEILST\u00c4TTEN \u2013 Verkaufsstart erfolgt!","og_description":"Unser neues Projekt auf dem weitl\u00e4ufigen Terrain der historischen Heilst\u00e4tten in Beelitz ist gestartet!","og_url":"https:\/\/www.verimag.de\/de\/blog\/verkaufsstart-quartier-beelitz-heilstaetten\/","og_site_name":"VERIMAG Vertriebs- und Marketingges. mbH","article_published_time":"2021-08-27T09:00:00+00:00","article_modified_time":"2025-06-02T08:57:14+00:00","og_image":[{"width":1024,"height":768,"url":"https:\/\/www.verimag.de\/wp-content\/uploads\/2021\/04\/Quartier-Beelitz-Heilstaetten.jpg","type":"image\/jpeg"}],"author":"Isabel Knabe","twitter_card":"summary_large_image","twitter_misc":{"Verfasst von":"Isabel Knabe","Gesch\u00e4tzte Lesezeit":"1\u00a0Minute"},"schema":{"@context":"https:\/\/schema.org","@graph":[{"@type":"Article","@id":"https:\/\/www.verimag.de\/de\/blog\/verkaufsstart-quartier-beelitz-heilstaetten\/#article","isPartOf":{"@id":"https:\/\/www.verimag.de\/de\/blog\/verkaufsstart-quartier-beelitz-heilstaetten\/"},"author":{"name":"Isabel Knabe","@id":"https:\/\/www.verimag.de\/de\/#\/schema\/person\/d7a322c5946818208cda9ab89a5f199d"},"headline":"QUARTIER BEELITZ-HEILST\u00c4TTEN \u2013 Verkaufsstart erfolgt!","datePublished":"2021-08-27T09:00:00+00:00","dateModified":"2025-06-02T08:57:14+00:00","mainEntityOfPage":{"@id":"https:\/\/www.verimag.de\/de\/blog\/verkaufsstart-quartier-beelitz-heilstaetten\/"},"wordCount":124,"image":{"@id":"https:\/\/www.verimag.de\/de\/blog\/verkaufsstart-quartier-beelitz-heilstaetten\/#primaryimage"},"thumbnailUrl":"https:\/\/www.verimag.de\/wp-content\/uploads\/2021\/04\/Quartier-Beelitz-Heilstaetten.jpg","articleSection":["Blog"],"inLanguage":"de"},{"@type":"WebPage","@id":"https:\/\/www.verimag.de\/de\/blog\/verkaufsstart-quartier-beelitz-heilstaetten\/","url":"https:\/\/www.verimag.de\/de\/blog\/verkaufsstart-quartier-beelitz-heilstaetten\/","name":"VERIMAG Vertriebs- und Marketingges. mbH - QUARTIER BEELITZ-HEILST\u00c4TTEN \u2013 Verkaufsstart erfolgt!","isPartOf":{"@id":"https:\/\/www.verimag.de\/de\/#website"},"primaryImageOfPage":{"@id":"https:\/\/www.verimag.de\/de\/blog\/verkaufsstart-quartier-beelitz-heilstaetten\/#primaryimage"},"image":{"@id":"https:\/\/www.verimag.de\/de\/blog\/verkaufsstart-quartier-beelitz-heilstaetten\/#primaryimage"},"thumbnailUrl":"https:\/\/www.verimag.de\/wp-content\/uploads\/2021\/04\/Quartier-Beelitz-Heilstaetten.jpg","datePublished":"2021-08-27T09:00:00+00:00","dateModified":"2025-06-02T08:57:14+00:00","author":{"@id":"https:\/\/www.verimag.de\/de\/#\/schema\/person\/d7a322c5946818208cda9ab89a5f199d"},"breadcrumb":{"@id":"https:\/\/www.verimag.de\/de\/blog\/verkaufsstart-quartier-beelitz-heilstaetten\/#breadcrumb"},"inLanguage":"de","potentialAction":[{"@type":"ReadAction","target":["https:\/\/www.verimag.de\/de\/blog\/verkaufsstart-quartier-beelitz-heilstaetten\/"]}]},{"@type":"ImageObject","inLanguage":"de","@id":"https:\/\/www.verimag.de\/de\/blog\/verkaufsstart-quartier-beelitz-heilstaetten\/#primaryimage","url":"https:\/\/www.verimag.de\/wp-content\/uploads\/2021\/04\/Quartier-Beelitz-Heilstaetten.jpg","contentUrl":"https:\/\/www.verimag.de\/wp-content\/uploads\/2021\/04\/Quartier-Beelitz-Heilstaetten.jpg","width":1024,"height":768},{"@type":"BreadcrumbList","@id":"https:\/\/www.verimag.de\/de\/blog\/verkaufsstart-quartier-beelitz-heilstaetten\/#breadcrumb","itemListElement":[{"@type":"ListItem","position":1,"name":"Startseite","item":"https:\/\/www.verimag.de\/de\/"},{"@type":"ListItem","position":2,"name":"Blog","item":"https:\/\/www.verimag.de\/de\/category\/blog\/"},{"@type":"ListItem","position":3,"name":"QUARTIER BEELITZ-HEILST\u00c4TTEN \u2013 Verkaufsstart erfolgt!"}]},{"@type":"WebSite","@id":"https:\/\/www.verimag.de\/de\/#website","url":"https:\/\/www.verimag.de\/de\/","name":"VERIMAG Vertriebs- und Marketingges. mbH","description":"","potentialAction":[{"@type":"SearchAction","target":{"@type":"EntryPoint","urlTemplate":"https:\/\/www.verimag.de\/de\/?s={search_term_string}"},"query-input":{"@type":"PropertyValueSpecification","valueRequired":true,"valueName":"search_term_string"}}],"inLanguage":"de"},{"@type":"Person","@id":"https:\/\/www.verimag.de\/de\/#\/schema\/person\/d7a322c5946818208cda9ab89a5f199d","name":"Isabel Knabe","image":{"@type":"ImageObject","inLanguage":"de","@id":"https:\/\/www.verimag.de\/de\/#\/schema\/person\/image\/","url":"https:\/\/secure.gravatar.com\/avatar\/b4b82a75ef75c8d003b4f736c51b7b1446381ff0584d96120f1fb42865c08a36?s=96&d=mm&r=g","contentUrl":"https:\/\/secure.gravatar.com\/avatar\/b4b82a75ef75c8d003b4f736c51b7b1446381ff0584d96120f1fb42865c08a36?s=96&d=mm&r=g","caption":"Isabel Knabe"}}]}},"_links":{"self":[{"href":"https:\/\/www.verimag.de\/de\/wp-json\/wp\/v2\/posts\/1589","targetHints":{"allow":["GET"]}}],"collection":[{"href":"https:\/\/www.verimag.de\/de\/wp-json\/wp\/v2\/posts"}],"about":[{"href":"https:\/\/www.verimag.de\/de\/wp-json\/wp\/v2\/types\/post"}],"author":[{"embeddable":true,"href":"https:\/\/www.verimag.de\/de\/wp-json\/wp\/v2\/users\/7"}],"replies":[{"embeddable":true,"href":"https:\/\/www.verimag.de\/de\/wp-json\/wp\/v2\/comments?post=1589"}],"version-history":[{"count":2,"href":"https:\/\/www.verimag.de\/de\/wp-json\/wp\/v2\/posts\/1589\/revisions"}],"predecessor-version":[{"id":1607,"href":"https:\/\/www.verimag.de\/de\/wp-json\/wp\/v2\/posts\/1589\/revisions\/1607"}],"wp:featuredmedia":[{"embeddable":true,"href":"https:\/\/www.verimag.de\/de\/wp-json\/wp\/v2\/media\/1568"}],"wp:attachment":[{"href":"https:\/\/www.verimag.de\/de\/wp-json\/wp\/v2\/media?parent=1589"}],"wp:term":[{"taxonomy":"category","embeddable":true,"href":"https:\/\/www.verimag.de\/de\/wp-json\/wp\/v2\/categories?post=1589"},{"taxonomy":"post_tag","embeddable":true,"href":"https:\/\/www.verimag.de\/de\/wp-json\/wp\/v2\/tags?post=1589"}],"curies":[{"name":"wp","href":"https:\/\/api.w.org\/{rel}","templated":true}]}}