{"id":1503,"date":"2020-11-12T15:40:20","date_gmt":"2020-11-12T14:40:20","guid":{"rendered":"https:\/\/www.verimag.de\/?p=1503"},"modified":"2025-06-02T10:57:48","modified_gmt":"2025-06-02T08:57:48","slug":"the-seven-verkaufsstart-erfolgt","status":"publish","type":"post","link":"https:\/\/www.verimag.de\/de\/blog\/the-seven-verkaufsstart-erfolgt\/","title":{"rendered":"THE SEVEN \u2013 Verkaufsstart erfolgt!"},"content":{"rendered":"\n<p>Die Vermarktung der Eigentumswohnungen in den ersten H\u00e4usern hat begonnen.<\/p>\n\n\n\n<p>Sichern Sie sich eine der 133 attraktiven Eigentumswohnungen mit 2 bis 4 Zimmern und Wohnfl\u00e4chen von ca. 59 bis 129 m\u00b2! Viele Wohnungen werden auch als barrierefreie Komfortwohnung erstellt.<\/p>\n\n\n\n<p>Eingebettet in eine park\u00e4hnliche Anlage \u00fcberzeugen die im Art-D\u00e9co-Stil entstehenden Stadtvillen mit gro\u00dfz\u00fcgigen Balkonen, Privatg\u00e4rten mit Terrasse und Aufdachterrassen im Obergeschoss. Die Wohnungen verf\u00fcgen \u00fcber durchdachte Grundrisse und sind u.a. mit Fu\u00dfbodenheizung und Echtholzparkett ausgestattet. Das Projekt wird mit einer Tiefgarage und Aufz\u00fcgen in alle Etagen realisiert.<\/p>\n\n\n\n<p>Informationen und Wohnungsbeispiele zum Bauvorhaben finden Sie auf der <a href=\"http:\/\/www.theseven-babelsberg.de\">Projektseite<\/a>.<\/p>\n\n\n\n<p>Sie erreichen uns zun\u00e4chst telefonisch oder per E-Mail sowie jederzeit \u00fcber das <a href=\"https:\/\/www.verimag.de\/de\/kontakt\/\">Kontaktformular<\/a>.<\/p>\n","protected":false},"excerpt":{"rendered":"<p>Die Vermarktung der Eigentumswohnungen in den ersten H\u00e4usern hat begonnen.<\/p>\n","protected":false},"author":10,"featured_media":1514,"comment_status":"closed","ping_status":"closed","sticky":false,"template":"","format":"standard","meta":{"_acf_changed":false,"footnotes":""},"categories":[9],"tags":[],"class_list":["post-1503","post","type-post","status-publish","format-standard","has-post-thumbnail","hentry","category-blog"],"acf":[],"yoast_head":"<!-- This site is optimized with the Yoast SEO plugin v27.0 - https:\/\/yoast.com\/product\/yoast-seo-wordpress\/ -->\n<title>VERIMAG Vertriebs- und Marketingges. mbH - THE SEVEN \u2013 Verkaufsstart erfolgt!<\/title>\n<meta name=\"robots\" content=\"index, follow, max-snippet:-1, max-image-preview:large, max-video-preview:-1\" \/>\n<link rel=\"canonical\" href=\"https:\/\/www.verimag.de\/de\/blog\/the-seven-verkaufsstart-erfolgt\/\" \/>\n<meta property=\"og:locale\" content=\"de_DE\" \/>\n<meta property=\"og:type\" content=\"article\" \/>\n<meta property=\"og:title\" content=\"VERIMAG Vertriebs- und Marketingges. mbH - THE SEVEN \u2013 Verkaufsstart erfolgt!\" \/>\n<meta property=\"og:description\" content=\"Die Vermarktung der Eigentumswohnungen in den ersten H\u00e4usern hat begonnen.\" \/>\n<meta property=\"og:url\" content=\"https:\/\/www.verimag.de\/de\/blog\/the-seven-verkaufsstart-erfolgt\/\" \/>\n<meta property=\"og:site_name\" content=\"VERIMAG Vertriebs- und Marketingges. mbH\" \/>\n<meta property=\"article:published_time\" content=\"2020-11-12T14:40:20+00:00\" \/>\n<meta property=\"article:modified_time\" content=\"2025-06-02T08:57:48+00:00\" \/>\n<meta property=\"og:image\" content=\"https:\/\/www.verimag.de\/wp-content\/uploads\/2020\/11\/TheSeven_Cam2_Statisch_Ansicht-E-J-Str.-e1605199081398.jpg\" \/>\n\t<meta property=\"og:image:width\" content=\"2495\" \/>\n\t<meta property=\"og:image:height\" content=\"2267\" \/>\n\t<meta property=\"og:image:type\" content=\"image\/jpeg\" \/>\n<meta name=\"author\" content=\"Sandra Hollstein\" \/>\n<meta name=\"twitter:card\" content=\"summary_large_image\" \/>\n<meta name=\"twitter:label1\" content=\"Verfasst von\" \/>\n\t<meta name=\"twitter:data1\" content=\"Sandra Hollstein\" \/>\n\t<meta name=\"twitter:label2\" content=\"Gesch\u00e4tzte Lesezeit\" \/>\n\t<meta name=\"twitter:data2\" content=\"1\u00a0Minute\" \/>\n<script type=\"application\/ld+json\" class=\"yoast-schema-graph\">{\"@context\":\"https:\/\/schema.org\",\"@graph\":[{\"@type\":\"Article\",\"@id\":\"https:\/\/www.verimag.de\/de\/blog\/the-seven-verkaufsstart-erfolgt\/#article\",\"isPartOf\":{\"@id\":\"https:\/\/www.verimag.de\/de\/blog\/the-seven-verkaufsstart-erfolgt\/\"},\"author\":{\"name\":\"Sandra Hollstein\",\"@id\":\"https:\/\/www.verimag.de\/de\/#\/schema\/person\/9767cedfa267c9581d97b19161572488\"},\"headline\":\"THE SEVEN \u2013 Verkaufsstart erfolgt!\",\"datePublished\":\"2020-11-12T14:40:20+00:00\",\"dateModified\":\"2025-06-02T08:57:48+00:00\",\"mainEntityOfPage\":{\"@id\":\"https:\/\/www.verimag.de\/de\/blog\/the-seven-verkaufsstart-erfolgt\/\"},\"wordCount\":120,\"image\":{\"@id\":\"https:\/\/www.verimag.de\/de\/blog\/the-seven-verkaufsstart-erfolgt\/#primaryimage\"},\"thumbnailUrl\":\"https:\/\/www.verimag.de\/wp-content\/uploads\/2020\/11\/TheSeven_Cam2_Statisch_Ansicht-E-J-Str.-e1605199081398.jpg\",\"articleSection\":[\"Blog\"],\"inLanguage\":\"de\"},{\"@type\":\"WebPage\",\"@id\":\"https:\/\/www.verimag.de\/de\/blog\/the-seven-verkaufsstart-erfolgt\/\",\"url\":\"https:\/\/www.verimag.de\/de\/blog\/the-seven-verkaufsstart-erfolgt\/\",\"name\":\"VERIMAG Vertriebs- und Marketingges. mbH - THE SEVEN \u2013 Verkaufsstart erfolgt!\",\"isPartOf\":{\"@id\":\"https:\/\/www.verimag.de\/de\/#website\"},\"primaryImageOfPage\":{\"@id\":\"https:\/\/www.verimag.de\/de\/blog\/the-seven-verkaufsstart-erfolgt\/#primaryimage\"},\"image\":{\"@id\":\"https:\/\/www.verimag.de\/de\/blog\/the-seven-verkaufsstart-erfolgt\/#primaryimage\"},\"thumbnailUrl\":\"https:\/\/www.verimag.de\/wp-content\/uploads\/2020\/11\/TheSeven_Cam2_Statisch_Ansicht-E-J-Str.-e1605199081398.jpg\",\"datePublished\":\"2020-11-12T14:40:20+00:00\",\"dateModified\":\"2025-06-02T08:57:48+00:00\",\"author\":{\"@id\":\"https:\/\/www.verimag.de\/de\/#\/schema\/person\/9767cedfa267c9581d97b19161572488\"},\"breadcrumb\":{\"@id\":\"https:\/\/www.verimag.de\/de\/blog\/the-seven-verkaufsstart-erfolgt\/#breadcrumb\"},\"inLanguage\":\"de\",\"potentialAction\":[{\"@type\":\"ReadAction\",\"target\":[\"https:\/\/www.verimag.de\/de\/blog\/the-seven-verkaufsstart-erfolgt\/\"]}]},{\"@type\":\"ImageObject\",\"inLanguage\":\"de\",\"@id\":\"https:\/\/www.verimag.de\/de\/blog\/the-seven-verkaufsstart-erfolgt\/#primaryimage\",\"url\":\"https:\/\/www.verimag.de\/wp-content\/uploads\/2020\/11\/TheSeven_Cam2_Statisch_Ansicht-E-J-Str.-e1605199081398.jpg\",\"contentUrl\":\"https:\/\/www.verimag.de\/wp-content\/uploads\/2020\/11\/TheSeven_Cam2_Statisch_Ansicht-E-J-Str.-e1605199081398.jpg\",\"width\":2495,\"height\":2267},{\"@type\":\"BreadcrumbList\",\"@id\":\"https:\/\/www.verimag.de\/de\/blog\/the-seven-verkaufsstart-erfolgt\/#breadcrumb\",\"itemListElement\":[{\"@type\":\"ListItem\",\"position\":1,\"name\":\"Startseite\",\"item\":\"https:\/\/www.verimag.de\/de\/\"},{\"@type\":\"ListItem\",\"position\":2,\"name\":\"Blog\",\"item\":\"https:\/\/www.verimag.de\/de\/category\/blog\/\"},{\"@type\":\"ListItem\",\"position\":3,\"name\":\"THE SEVEN \u2013 Verkaufsstart erfolgt!\"}]},{\"@type\":\"WebSite\",\"@id\":\"https:\/\/www.verimag.de\/de\/#website\",\"url\":\"https:\/\/www.verimag.de\/de\/\",\"name\":\"VERIMAG Vertriebs- und Marketingges. mbH\",\"description\":\"\",\"potentialAction\":[{\"@type\":\"SearchAction\",\"target\":{\"@type\":\"EntryPoint\",\"urlTemplate\":\"https:\/\/www.verimag.de\/de\/?s={search_term_string}\"},\"query-input\":{\"@type\":\"PropertyValueSpecification\",\"valueRequired\":true,\"valueName\":\"search_term_string\"}}],\"inLanguage\":\"de\"},{\"@type\":\"Person\",\"@id\":\"https:\/\/www.verimag.de\/de\/#\/schema\/person\/9767cedfa267c9581d97b19161572488\",\"name\":\"Sandra Hollstein\",\"image\":{\"@type\":\"ImageObject\",\"inLanguage\":\"de\",\"@id\":\"https:\/\/www.verimag.de\/de\/#\/schema\/person\/image\/\",\"url\":\"https:\/\/secure.gravatar.com\/avatar\/1969d3c9c2507b84261d921b8dfa1f0e511245836a65b1e576018e04da4fae46?s=96&d=mm&r=g\",\"contentUrl\":\"https:\/\/secure.gravatar.com\/avatar\/1969d3c9c2507b84261d921b8dfa1f0e511245836a65b1e576018e04da4fae46?s=96&d=mm&r=g\",\"caption\":\"Sandra Hollstein\"}}]}<\/script>\n<!-- \/ Yoast SEO plugin. -->","yoast_head_json":{"title":"VERIMAG Vertriebs- und Marketingges. mbH - THE SEVEN \u2013 Verkaufsstart erfolgt!","robots":{"index":"index","follow":"follow","max-snippet":"max-snippet:-1","max-image-preview":"max-image-preview:large","max-video-preview":"max-video-preview:-1"},"canonical":"https:\/\/www.verimag.de\/de\/blog\/the-seven-verkaufsstart-erfolgt\/","og_locale":"de_DE","og_type":"article","og_title":"VERIMAG Vertriebs- und Marketingges. mbH - THE SEVEN \u2013 Verkaufsstart erfolgt!","og_description":"Die Vermarktung der Eigentumswohnungen in den ersten H\u00e4usern hat begonnen.","og_url":"https:\/\/www.verimag.de\/de\/blog\/the-seven-verkaufsstart-erfolgt\/","og_site_name":"VERIMAG Vertriebs- und Marketingges. mbH","article_published_time":"2020-11-12T14:40:20+00:00","article_modified_time":"2025-06-02T08:57:48+00:00","og_image":[{"width":2495,"height":2267,"url":"https:\/\/www.verimag.de\/wp-content\/uploads\/2020\/11\/TheSeven_Cam2_Statisch_Ansicht-E-J-Str.-e1605199081398.jpg","type":"image\/jpeg"}],"author":"Sandra Hollstein","twitter_card":"summary_large_image","twitter_misc":{"Verfasst von":"Sandra Hollstein","Gesch\u00e4tzte Lesezeit":"1\u00a0Minute"},"schema":{"@context":"https:\/\/schema.org","@graph":[{"@type":"Article","@id":"https:\/\/www.verimag.de\/de\/blog\/the-seven-verkaufsstart-erfolgt\/#article","isPartOf":{"@id":"https:\/\/www.verimag.de\/de\/blog\/the-seven-verkaufsstart-erfolgt\/"},"author":{"name":"Sandra Hollstein","@id":"https:\/\/www.verimag.de\/de\/#\/schema\/person\/9767cedfa267c9581d97b19161572488"},"headline":"THE SEVEN \u2013 Verkaufsstart erfolgt!","datePublished":"2020-11-12T14:40:20+00:00","dateModified":"2025-06-02T08:57:48+00:00","mainEntityOfPage":{"@id":"https:\/\/www.verimag.de\/de\/blog\/the-seven-verkaufsstart-erfolgt\/"},"wordCount":120,"image":{"@id":"https:\/\/www.verimag.de\/de\/blog\/the-seven-verkaufsstart-erfolgt\/#primaryimage"},"thumbnailUrl":"https:\/\/www.verimag.de\/wp-content\/uploads\/2020\/11\/TheSeven_Cam2_Statisch_Ansicht-E-J-Str.-e1605199081398.jpg","articleSection":["Blog"],"inLanguage":"de"},{"@type":"WebPage","@id":"https:\/\/www.verimag.de\/de\/blog\/the-seven-verkaufsstart-erfolgt\/","url":"https:\/\/www.verimag.de\/de\/blog\/the-seven-verkaufsstart-erfolgt\/","name":"VERIMAG Vertriebs- und Marketingges. mbH - THE SEVEN \u2013 Verkaufsstart erfolgt!","isPartOf":{"@id":"https:\/\/www.verimag.de\/de\/#website"},"primaryImageOfPage":{"@id":"https:\/\/www.verimag.de\/de\/blog\/the-seven-verkaufsstart-erfolgt\/#primaryimage"},"image":{"@id":"https:\/\/www.verimag.de\/de\/blog\/the-seven-verkaufsstart-erfolgt\/#primaryimage"},"thumbnailUrl":"https:\/\/www.verimag.de\/wp-content\/uploads\/2020\/11\/TheSeven_Cam2_Statisch_Ansicht-E-J-Str.-e1605199081398.jpg","datePublished":"2020-11-12T14:40:20+00:00","dateModified":"2025-06-02T08:57:48+00:00","author":{"@id":"https:\/\/www.verimag.de\/de\/#\/schema\/person\/9767cedfa267c9581d97b19161572488"},"breadcrumb":{"@id":"https:\/\/www.verimag.de\/de\/blog\/the-seven-verkaufsstart-erfolgt\/#breadcrumb"},"inLanguage":"de","potentialAction":[{"@type":"ReadAction","target":["https:\/\/www.verimag.de\/de\/blog\/the-seven-verkaufsstart-erfolgt\/"]}]},{"@type":"ImageObject","inLanguage":"de","@id":"https:\/\/www.verimag.de\/de\/blog\/the-seven-verkaufsstart-erfolgt\/#primaryimage","url":"https:\/\/www.verimag.de\/wp-content\/uploads\/2020\/11\/TheSeven_Cam2_Statisch_Ansicht-E-J-Str.-e1605199081398.jpg","contentUrl":"https:\/\/www.verimag.de\/wp-content\/uploads\/2020\/11\/TheSeven_Cam2_Statisch_Ansicht-E-J-Str.-e1605199081398.jpg","width":2495,"height":2267},{"@type":"BreadcrumbList","@id":"https:\/\/www.verimag.de\/de\/blog\/the-seven-verkaufsstart-erfolgt\/#breadcrumb","itemListElement":[{"@type":"ListItem","position":1,"name":"Startseite","item":"https:\/\/www.verimag.de\/de\/"},{"@type":"ListItem","position":2,"name":"Blog","item":"https:\/\/www.verimag.de\/de\/category\/blog\/"},{"@type":"ListItem","position":3,"name":"THE SEVEN \u2013 Verkaufsstart erfolgt!"}]},{"@type":"WebSite","@id":"https:\/\/www.verimag.de\/de\/#website","url":"https:\/\/www.verimag.de\/de\/","name":"VERIMAG Vertriebs- und Marketingges. mbH","description":"","potentialAction":[{"@type":"SearchAction","target":{"@type":"EntryPoint","urlTemplate":"https:\/\/www.verimag.de\/de\/?s={search_term_string}"},"query-input":{"@type":"PropertyValueSpecification","valueRequired":true,"valueName":"search_term_string"}}],"inLanguage":"de"},{"@type":"Person","@id":"https:\/\/www.verimag.de\/de\/#\/schema\/person\/9767cedfa267c9581d97b19161572488","name":"Sandra Hollstein","image":{"@type":"ImageObject","inLanguage":"de","@id":"https:\/\/www.verimag.de\/de\/#\/schema\/person\/image\/","url":"https:\/\/secure.gravatar.com\/avatar\/1969d3c9c2507b84261d921b8dfa1f0e511245836a65b1e576018e04da4fae46?s=96&d=mm&r=g","contentUrl":"https:\/\/secure.gravatar.com\/avatar\/1969d3c9c2507b84261d921b8dfa1f0e511245836a65b1e576018e04da4fae46?s=96&d=mm&r=g","caption":"Sandra Hollstein"}}]}},"_links":{"self":[{"href":"https:\/\/www.verimag.de\/de\/wp-json\/wp\/v2\/posts\/1503","targetHints":{"allow":["GET"]}}],"collection":[{"href":"https:\/\/www.verimag.de\/de\/wp-json\/wp\/v2\/posts"}],"about":[{"href":"https:\/\/www.verimag.de\/de\/wp-json\/wp\/v2\/types\/post"}],"author":[{"embeddable":true,"href":"https:\/\/www.verimag.de\/de\/wp-json\/wp\/v2\/users\/10"}],"replies":[{"embeddable":true,"href":"https:\/\/www.verimag.de\/de\/wp-json\/wp\/v2\/comments?post=1503"}],"version-history":[{"count":3,"href":"https:\/\/www.verimag.de\/de\/wp-json\/wp\/v2\/posts\/1503\/revisions"}],"predecessor-version":[{"id":1521,"href":"https:\/\/www.verimag.de\/de\/wp-json\/wp\/v2\/posts\/1503\/revisions\/1521"}],"wp:featuredmedia":[{"embeddable":true,"href":"https:\/\/www.verimag.de\/de\/wp-json\/wp\/v2\/media\/1514"}],"wp:attachment":[{"href":"https:\/\/www.verimag.de\/de\/wp-json\/wp\/v2\/media?parent=1503"}],"wp:term":[{"taxonomy":"category","embeddable":true,"href":"https:\/\/www.verimag.de\/de\/wp-json\/wp\/v2\/categories?post=1503"},{"taxonomy":"post_tag","embeddable":true,"href":"https:\/\/www.verimag.de\/de\/wp-json\/wp\/v2\/tags?post=1503"}],"curies":[{"name":"wp","href":"https:\/\/api.w.org\/{rel}","templated":true}]}}