{"id":1452,"date":"2020-08-26T12:51:49","date_gmt":"2020-08-26T10:51:49","guid":{"rendered":"https:\/\/www.verimag.de\/?p=1452"},"modified":"2025-06-02T10:57:55","modified_gmt":"2025-06-02T08:57:55","slug":"coming-soon-neues-projekt-in-potsdam-babelsberg","status":"publish","type":"post","link":"https:\/\/www.verimag.de\/de\/blog\/coming-soon-neues-projekt-in-potsdam-babelsberg\/","title":{"rendered":"Coming Soon: Neues Projekt in Potsdam-Babelsberg"},"content":{"rendered":"\n<p>Am Filmpark Babelsberg entstehen sieben Stadtvillen im Art-D\u00e9co-Stil mit insgesamt 133 Wohnungen mit 2 &#8211; 4 Zimmern und Wohnfl\u00e4chen von ca. 59 &#8211; 129 m\u00b2. Die attraktiven Eigentumswohnungen \u00fcberzeugen mit gut durchdachten Grundrissen, Privatg\u00e4rten mit Terrassen, gro\u00dfz\u00fcgigen Balkonen in den Obergeschossen und Aufdachterrassen im Dachgeschoss. Weitere Details finden Sie in K\u00fcrze auch auf der <a href=\"https:\/\/theseven-babelsberg.de\/\">Projektwebsite<\/a>.<\/p>\n\n\n\n<p>Lassen Sie sich noch heute <a href=\"https:\/\/www.verimag.de\/de\/kontakt\/\">vormerken<\/a>!<\/p>\n","protected":false},"excerpt":{"rendered":"<p>Am Filmpark Babelsberg entstehen sieben Stadtvillen im Art-D\u00e9co-Stil mit insgesamt 133 Wohnungen.<\/p>\n","protected":false},"author":10,"featured_media":1442,"comment_status":"closed","ping_status":"closed","sticky":false,"template":"","format":"standard","meta":{"_acf_changed":false,"footnotes":""},"categories":[9],"tags":[],"class_list":["post-1452","post","type-post","status-publish","format-standard","has-post-thumbnail","hentry","category-blog"],"acf":[],"yoast_head":"<!-- This site is optimized with the Yoast SEO plugin v27.0 - https:\/\/yoast.com\/product\/yoast-seo-wordpress\/ -->\n<title>VERIMAG Vertriebs- und Marketingges. mbH - Coming Soon: Neues Projekt in Potsdam-Babelsberg<\/title>\n<meta name=\"robots\" content=\"index, follow, max-snippet:-1, max-image-preview:large, max-video-preview:-1\" \/>\n<link rel=\"canonical\" href=\"https:\/\/www.verimag.de\/de\/blog\/coming-soon-neues-projekt-in-potsdam-babelsberg\/\" \/>\n<meta property=\"og:locale\" content=\"de_DE\" \/>\n<meta property=\"og:type\" content=\"article\" \/>\n<meta property=\"og:title\" content=\"VERIMAG Vertriebs- und Marketingges. mbH - Coming Soon: Neues Projekt in Potsdam-Babelsberg\" \/>\n<meta property=\"og:description\" content=\"Am Filmpark Babelsberg entstehen sieben Stadtvillen im Art-D\u00e9co-Stil mit insgesamt 133 Wohnungen.\" \/>\n<meta property=\"og:url\" content=\"https:\/\/www.verimag.de\/de\/blog\/coming-soon-neues-projekt-in-potsdam-babelsberg\/\" \/>\n<meta property=\"og:site_name\" content=\"VERIMAG Vertriebs- und Marketingges. mbH\" \/>\n<meta property=\"article:published_time\" content=\"2020-08-26T10:51:49+00:00\" \/>\n<meta property=\"article:modified_time\" content=\"2025-06-02T08:57:55+00:00\" \/>\n<meta property=\"og:image\" content=\"https:\/\/www.verimag.de\/wp-content\/uploads\/2020\/08\/TheSeven_Cam3_Statisch-Frontansicht-Marlene_weboptimiert.jpg\" \/>\n\t<meta property=\"og:image:width\" content=\"1920\" \/>\n\t<meta property=\"og:image:height\" content=\"1080\" \/>\n\t<meta property=\"og:image:type\" content=\"image\/jpeg\" \/>\n<meta name=\"author\" content=\"Sandra Hollstein\" \/>\n<meta name=\"twitter:card\" content=\"summary_large_image\" \/>\n<meta name=\"twitter:label1\" content=\"Verfasst von\" \/>\n\t<meta name=\"twitter:data1\" content=\"Sandra Hollstein\" \/>\n<script type=\"application\/ld+json\" class=\"yoast-schema-graph\">{\"@context\":\"https:\/\/schema.org\",\"@graph\":[{\"@type\":\"Article\",\"@id\":\"https:\/\/www.verimag.de\/de\/blog\/coming-soon-neues-projekt-in-potsdam-babelsberg\/#article\",\"isPartOf\":{\"@id\":\"https:\/\/www.verimag.de\/de\/blog\/coming-soon-neues-projekt-in-potsdam-babelsberg\/\"},\"author\":{\"name\":\"Sandra Hollstein\",\"@id\":\"https:\/\/www.verimag.de\/de\/#\/schema\/person\/9767cedfa267c9581d97b19161572488\"},\"headline\":\"Coming Soon: Neues Projekt in Potsdam-Babelsberg\",\"datePublished\":\"2020-08-26T10:51:49+00:00\",\"dateModified\":\"2025-06-02T08:57:55+00:00\",\"mainEntityOfPage\":{\"@id\":\"https:\/\/www.verimag.de\/de\/blog\/coming-soon-neues-projekt-in-potsdam-babelsberg\/\"},\"wordCount\":68,\"image\":{\"@id\":\"https:\/\/www.verimag.de\/de\/blog\/coming-soon-neues-projekt-in-potsdam-babelsberg\/#primaryimage\"},\"thumbnailUrl\":\"https:\/\/www.verimag.de\/wp-content\/uploads\/2020\/08\/TheSeven_Cam3_Statisch-Frontansicht-Marlene_weboptimiert.jpg\",\"articleSection\":[\"Blog\"],\"inLanguage\":\"de\"},{\"@type\":\"WebPage\",\"@id\":\"https:\/\/www.verimag.de\/de\/blog\/coming-soon-neues-projekt-in-potsdam-babelsberg\/\",\"url\":\"https:\/\/www.verimag.de\/de\/blog\/coming-soon-neues-projekt-in-potsdam-babelsberg\/\",\"name\":\"VERIMAG Vertriebs- und Marketingges. mbH - Coming Soon: Neues Projekt in Potsdam-Babelsberg\",\"isPartOf\":{\"@id\":\"https:\/\/www.verimag.de\/de\/#website\"},\"primaryImageOfPage\":{\"@id\":\"https:\/\/www.verimag.de\/de\/blog\/coming-soon-neues-projekt-in-potsdam-babelsberg\/#primaryimage\"},\"image\":{\"@id\":\"https:\/\/www.verimag.de\/de\/blog\/coming-soon-neues-projekt-in-potsdam-babelsberg\/#primaryimage\"},\"thumbnailUrl\":\"https:\/\/www.verimag.de\/wp-content\/uploads\/2020\/08\/TheSeven_Cam3_Statisch-Frontansicht-Marlene_weboptimiert.jpg\",\"datePublished\":\"2020-08-26T10:51:49+00:00\",\"dateModified\":\"2025-06-02T08:57:55+00:00\",\"author\":{\"@id\":\"https:\/\/www.verimag.de\/de\/#\/schema\/person\/9767cedfa267c9581d97b19161572488\"},\"breadcrumb\":{\"@id\":\"https:\/\/www.verimag.de\/de\/blog\/coming-soon-neues-projekt-in-potsdam-babelsberg\/#breadcrumb\"},\"inLanguage\":\"de\",\"potentialAction\":[{\"@type\":\"ReadAction\",\"target\":[\"https:\/\/www.verimag.de\/de\/blog\/coming-soon-neues-projekt-in-potsdam-babelsberg\/\"]}]},{\"@type\":\"ImageObject\",\"inLanguage\":\"de\",\"@id\":\"https:\/\/www.verimag.de\/de\/blog\/coming-soon-neues-projekt-in-potsdam-babelsberg\/#primaryimage\",\"url\":\"https:\/\/www.verimag.de\/wp-content\/uploads\/2020\/08\/TheSeven_Cam3_Statisch-Frontansicht-Marlene_weboptimiert.jpg\",\"contentUrl\":\"https:\/\/www.verimag.de\/wp-content\/uploads\/2020\/08\/TheSeven_Cam3_Statisch-Frontansicht-Marlene_weboptimiert.jpg\",\"width\":1920,\"height\":1080},{\"@type\":\"BreadcrumbList\",\"@id\":\"https:\/\/www.verimag.de\/de\/blog\/coming-soon-neues-projekt-in-potsdam-babelsberg\/#breadcrumb\",\"itemListElement\":[{\"@type\":\"ListItem\",\"position\":1,\"name\":\"Startseite\",\"item\":\"https:\/\/www.verimag.de\/de\/\"},{\"@type\":\"ListItem\",\"position\":2,\"name\":\"Blog\",\"item\":\"https:\/\/www.verimag.de\/de\/category\/blog\/\"},{\"@type\":\"ListItem\",\"position\":3,\"name\":\"Coming Soon: Neues Projekt in Potsdam-Babelsberg\"}]},{\"@type\":\"WebSite\",\"@id\":\"https:\/\/www.verimag.de\/de\/#website\",\"url\":\"https:\/\/www.verimag.de\/de\/\",\"name\":\"VERIMAG Vertriebs- und Marketingges. mbH\",\"description\":\"\",\"potentialAction\":[{\"@type\":\"SearchAction\",\"target\":{\"@type\":\"EntryPoint\",\"urlTemplate\":\"https:\/\/www.verimag.de\/de\/?s={search_term_string}\"},\"query-input\":{\"@type\":\"PropertyValueSpecification\",\"valueRequired\":true,\"valueName\":\"search_term_string\"}}],\"inLanguage\":\"de\"},{\"@type\":\"Person\",\"@id\":\"https:\/\/www.verimag.de\/de\/#\/schema\/person\/9767cedfa267c9581d97b19161572488\",\"name\":\"Sandra Hollstein\",\"image\":{\"@type\":\"ImageObject\",\"inLanguage\":\"de\",\"@id\":\"https:\/\/www.verimag.de\/de\/#\/schema\/person\/image\/\",\"url\":\"https:\/\/secure.gravatar.com\/avatar\/1969d3c9c2507b84261d921b8dfa1f0e511245836a65b1e576018e04da4fae46?s=96&d=mm&r=g\",\"contentUrl\":\"https:\/\/secure.gravatar.com\/avatar\/1969d3c9c2507b84261d921b8dfa1f0e511245836a65b1e576018e04da4fae46?s=96&d=mm&r=g\",\"caption\":\"Sandra Hollstein\"}}]}<\/script>\n<!-- \/ Yoast SEO plugin. -->","yoast_head_json":{"title":"VERIMAG Vertriebs- und Marketingges. mbH - Coming Soon: Neues Projekt in Potsdam-Babelsberg","robots":{"index":"index","follow":"follow","max-snippet":"max-snippet:-1","max-image-preview":"max-image-preview:large","max-video-preview":"max-video-preview:-1"},"canonical":"https:\/\/www.verimag.de\/de\/blog\/coming-soon-neues-projekt-in-potsdam-babelsberg\/","og_locale":"de_DE","og_type":"article","og_title":"VERIMAG Vertriebs- und Marketingges. mbH - Coming Soon: Neues Projekt in Potsdam-Babelsberg","og_description":"Am Filmpark Babelsberg entstehen sieben Stadtvillen im Art-D\u00e9co-Stil mit insgesamt 133 Wohnungen.","og_url":"https:\/\/www.verimag.de\/de\/blog\/coming-soon-neues-projekt-in-potsdam-babelsberg\/","og_site_name":"VERIMAG Vertriebs- und Marketingges. mbH","article_published_time":"2020-08-26T10:51:49+00:00","article_modified_time":"2025-06-02T08:57:55+00:00","og_image":[{"width":1920,"height":1080,"url":"https:\/\/www.verimag.de\/wp-content\/uploads\/2020\/08\/TheSeven_Cam3_Statisch-Frontansicht-Marlene_weboptimiert.jpg","type":"image\/jpeg"}],"author":"Sandra Hollstein","twitter_card":"summary_large_image","twitter_misc":{"Verfasst von":"Sandra Hollstein"},"schema":{"@context":"https:\/\/schema.org","@graph":[{"@type":"Article","@id":"https:\/\/www.verimag.de\/de\/blog\/coming-soon-neues-projekt-in-potsdam-babelsberg\/#article","isPartOf":{"@id":"https:\/\/www.verimag.de\/de\/blog\/coming-soon-neues-projekt-in-potsdam-babelsberg\/"},"author":{"name":"Sandra Hollstein","@id":"https:\/\/www.verimag.de\/de\/#\/schema\/person\/9767cedfa267c9581d97b19161572488"},"headline":"Coming Soon: Neues Projekt in Potsdam-Babelsberg","datePublished":"2020-08-26T10:51:49+00:00","dateModified":"2025-06-02T08:57:55+00:00","mainEntityOfPage":{"@id":"https:\/\/www.verimag.de\/de\/blog\/coming-soon-neues-projekt-in-potsdam-babelsberg\/"},"wordCount":68,"image":{"@id":"https:\/\/www.verimag.de\/de\/blog\/coming-soon-neues-projekt-in-potsdam-babelsberg\/#primaryimage"},"thumbnailUrl":"https:\/\/www.verimag.de\/wp-content\/uploads\/2020\/08\/TheSeven_Cam3_Statisch-Frontansicht-Marlene_weboptimiert.jpg","articleSection":["Blog"],"inLanguage":"de"},{"@type":"WebPage","@id":"https:\/\/www.verimag.de\/de\/blog\/coming-soon-neues-projekt-in-potsdam-babelsberg\/","url":"https:\/\/www.verimag.de\/de\/blog\/coming-soon-neues-projekt-in-potsdam-babelsberg\/","name":"VERIMAG Vertriebs- und Marketingges. mbH - Coming Soon: Neues Projekt in Potsdam-Babelsberg","isPartOf":{"@id":"https:\/\/www.verimag.de\/de\/#website"},"primaryImageOfPage":{"@id":"https:\/\/www.verimag.de\/de\/blog\/coming-soon-neues-projekt-in-potsdam-babelsberg\/#primaryimage"},"image":{"@id":"https:\/\/www.verimag.de\/de\/blog\/coming-soon-neues-projekt-in-potsdam-babelsberg\/#primaryimage"},"thumbnailUrl":"https:\/\/www.verimag.de\/wp-content\/uploads\/2020\/08\/TheSeven_Cam3_Statisch-Frontansicht-Marlene_weboptimiert.jpg","datePublished":"2020-08-26T10:51:49+00:00","dateModified":"2025-06-02T08:57:55+00:00","author":{"@id":"https:\/\/www.verimag.de\/de\/#\/schema\/person\/9767cedfa267c9581d97b19161572488"},"breadcrumb":{"@id":"https:\/\/www.verimag.de\/de\/blog\/coming-soon-neues-projekt-in-potsdam-babelsberg\/#breadcrumb"},"inLanguage":"de","potentialAction":[{"@type":"ReadAction","target":["https:\/\/www.verimag.de\/de\/blog\/coming-soon-neues-projekt-in-potsdam-babelsberg\/"]}]},{"@type":"ImageObject","inLanguage":"de","@id":"https:\/\/www.verimag.de\/de\/blog\/coming-soon-neues-projekt-in-potsdam-babelsberg\/#primaryimage","url":"https:\/\/www.verimag.de\/wp-content\/uploads\/2020\/08\/TheSeven_Cam3_Statisch-Frontansicht-Marlene_weboptimiert.jpg","contentUrl":"https:\/\/www.verimag.de\/wp-content\/uploads\/2020\/08\/TheSeven_Cam3_Statisch-Frontansicht-Marlene_weboptimiert.jpg","width":1920,"height":1080},{"@type":"BreadcrumbList","@id":"https:\/\/www.verimag.de\/de\/blog\/coming-soon-neues-projekt-in-potsdam-babelsberg\/#breadcrumb","itemListElement":[{"@type":"ListItem","position":1,"name":"Startseite","item":"https:\/\/www.verimag.de\/de\/"},{"@type":"ListItem","position":2,"name":"Blog","item":"https:\/\/www.verimag.de\/de\/category\/blog\/"},{"@type":"ListItem","position":3,"name":"Coming Soon: Neues Projekt in Potsdam-Babelsberg"}]},{"@type":"WebSite","@id":"https:\/\/www.verimag.de\/de\/#website","url":"https:\/\/www.verimag.de\/de\/","name":"VERIMAG Vertriebs- und Marketingges. mbH","description":"","potentialAction":[{"@type":"SearchAction","target":{"@type":"EntryPoint","urlTemplate":"https:\/\/www.verimag.de\/de\/?s={search_term_string}"},"query-input":{"@type":"PropertyValueSpecification","valueRequired":true,"valueName":"search_term_string"}}],"inLanguage":"de"},{"@type":"Person","@id":"https:\/\/www.verimag.de\/de\/#\/schema\/person\/9767cedfa267c9581d97b19161572488","name":"Sandra Hollstein","image":{"@type":"ImageObject","inLanguage":"de","@id":"https:\/\/www.verimag.de\/de\/#\/schema\/person\/image\/","url":"https:\/\/secure.gravatar.com\/avatar\/1969d3c9c2507b84261d921b8dfa1f0e511245836a65b1e576018e04da4fae46?s=96&d=mm&r=g","contentUrl":"https:\/\/secure.gravatar.com\/avatar\/1969d3c9c2507b84261d921b8dfa1f0e511245836a65b1e576018e04da4fae46?s=96&d=mm&r=g","caption":"Sandra Hollstein"}}]}},"_links":{"self":[{"href":"https:\/\/www.verimag.de\/de\/wp-json\/wp\/v2\/posts\/1452","targetHints":{"allow":["GET"]}}],"collection":[{"href":"https:\/\/www.verimag.de\/de\/wp-json\/wp\/v2\/posts"}],"about":[{"href":"https:\/\/www.verimag.de\/de\/wp-json\/wp\/v2\/types\/post"}],"author":[{"embeddable":true,"href":"https:\/\/www.verimag.de\/de\/wp-json\/wp\/v2\/users\/10"}],"replies":[{"embeddable":true,"href":"https:\/\/www.verimag.de\/de\/wp-json\/wp\/v2\/comments?post=1452"}],"version-history":[{"count":4,"href":"https:\/\/www.verimag.de\/de\/wp-json\/wp\/v2\/posts\/1452\/revisions"}],"predecessor-version":[{"id":1475,"href":"https:\/\/www.verimag.de\/de\/wp-json\/wp\/v2\/posts\/1452\/revisions\/1475"}],"wp:featuredmedia":[{"embeddable":true,"href":"https:\/\/www.verimag.de\/de\/wp-json\/wp\/v2\/media\/1442"}],"wp:attachment":[{"href":"https:\/\/www.verimag.de\/de\/wp-json\/wp\/v2\/media?parent=1452"}],"wp:term":[{"taxonomy":"category","embeddable":true,"href":"https:\/\/www.verimag.de\/de\/wp-json\/wp\/v2\/categories?post=1452"},{"taxonomy":"post_tag","embeddable":true,"href":"https:\/\/www.verimag.de\/de\/wp-json\/wp\/v2\/tags?post=1452"}],"curies":[{"name":"wp","href":"https:\/\/api.w.org\/{rel}","templated":true}]}}