{"id":145,"date":"2018-05-29T16:31:50","date_gmt":"2018-05-29T14:31:50","guid":{"rendered":"http:\/\/s542535438.online.de\/web2019\/?p=145"},"modified":"2019-07-03T16:32:17","modified_gmt":"2019-07-03T14:32:17","slug":"bleicheroder-strasse-7-penthouse-mit-zwei-dachterrassen-in-der-city","status":"publish","type":"post","link":"https:\/\/www.verimag.de\/de\/blog\/bleicheroder-strasse-7-penthouse-mit-zwei-dachterrassen-in-der-city\/","title":{"rendered":"\u201eBleicheroder Stra\u00dfe 7\u201c: Penthouse mit zwei Dachterrassen in der City!"},"content":{"rendered":"\n<p>Ein Traum wird wahr: Eine exklusive Penthouse-Wohnung mit 2 gro\u00dfen Dachterrassen &#8211; Zugang \u00fcber jedes der 4 Zimmer m\u00f6glich.<\/p>\n\n\n\n<p>Auf Wunsch ist auch der Einbau eines Kamins m\u00f6glich. Informieren Sie sich \u00fcber weitere <a href=\"http:\/\/www.bleicheroder7.de\" target=\"_blank\" rel=\"noreferrer noopener\">Ausstattungsdetails<\/a>.<\/p>\n","protected":false},"excerpt":{"rendered":"<p>Ein Traum wird wahr: Eine exklusive Penthouse-Wohnung mit 2 gro\u00dfen Dachterrassen &#8211; Zugang \u00fcber jedes der 4 Zimmer m\u00f6glich.<\/p>\n","protected":false},"author":1,"featured_media":0,"comment_status":"open","ping_status":"open","sticky":false,"template":"","format":"standard","meta":{"_acf_changed":false,"footnotes":""},"categories":[9],"tags":[],"class_list":["post-145","post","type-post","status-publish","format-standard","hentry","category-blog"],"acf":[],"yoast_head":"<!-- This site is optimized with the Yoast SEO plugin v27.0 - https:\/\/yoast.com\/product\/yoast-seo-wordpress\/ -->\n<title>VERIMAG Vertriebs- und Marketingges. mbH - \u201eBleicheroder Stra\u00dfe 7\u201c: Penthouse mit zwei Dachterrassen in der City!<\/title>\n<meta name=\"robots\" content=\"index, follow, max-snippet:-1, max-image-preview:large, max-video-preview:-1\" \/>\n<link rel=\"canonical\" href=\"https:\/\/www.verimag.de\/de\/blog\/bleicheroder-strasse-7-penthouse-mit-zwei-dachterrassen-in-der-city\/\" \/>\n<meta property=\"og:locale\" content=\"de_DE\" \/>\n<meta property=\"og:type\" content=\"article\" \/>\n<meta property=\"og:title\" content=\"VERIMAG Vertriebs- und Marketingges. mbH - \u201eBleicheroder Stra\u00dfe 7\u201c: Penthouse mit zwei Dachterrassen in der City!\" \/>\n<meta property=\"og:description\" content=\"Ein Traum wird wahr: Eine exklusive Penthouse-Wohnung mit 2 gro\u00dfen Dachterrassen - Zugang \u00fcber jedes der 4 Zimmer m\u00f6glich.\" \/>\n<meta property=\"og:url\" content=\"https:\/\/www.verimag.de\/de\/blog\/bleicheroder-strasse-7-penthouse-mit-zwei-dachterrassen-in-der-city\/\" \/>\n<meta property=\"og:site_name\" content=\"VERIMAG Vertriebs- und Marketingges. mbH\" \/>\n<meta property=\"article:published_time\" content=\"2018-05-29T14:31:50+00:00\" \/>\n<meta property=\"article:modified_time\" content=\"2019-07-03T14:32:17+00:00\" \/>\n<meta name=\"author\" content=\"nico.onehundred\" \/>\n<meta name=\"twitter:card\" content=\"summary_large_image\" \/>\n<meta name=\"twitter:label1\" content=\"Verfasst von\" \/>\n\t<meta name=\"twitter:data1\" content=\"nico.onehundred\" \/>\n<script type=\"application\/ld+json\" class=\"yoast-schema-graph\">{\"@context\":\"https:\/\/schema.org\",\"@graph\":[{\"@type\":\"Article\",\"@id\":\"https:\/\/www.verimag.de\/de\/blog\/bleicheroder-strasse-7-penthouse-mit-zwei-dachterrassen-in-der-city\/#article\",\"isPartOf\":{\"@id\":\"https:\/\/www.verimag.de\/de\/blog\/bleicheroder-strasse-7-penthouse-mit-zwei-dachterrassen-in-der-city\/\"},\"author\":{\"name\":\"nico.onehundred\",\"@id\":\"https:\/\/www.verimag.de\/de\/#\/schema\/person\/37212eeeb2fe6c6e18ddc80bc43c4f83\"},\"headline\":\"\u201eBleicheroder Stra\u00dfe 7\u201c: Penthouse mit zwei Dachterrassen in der City!\",\"datePublished\":\"2018-05-29T14:31:50+00:00\",\"dateModified\":\"2019-07-03T14:32:17+00:00\",\"mainEntityOfPage\":{\"@id\":\"https:\/\/www.verimag.de\/de\/blog\/bleicheroder-strasse-7-penthouse-mit-zwei-dachterrassen-in-der-city\/\"},\"wordCount\":45,\"commentCount\":0,\"articleSection\":[\"Blog\"],\"inLanguage\":\"de\",\"potentialAction\":[{\"@type\":\"CommentAction\",\"name\":\"Comment\",\"target\":[\"https:\/\/www.verimag.de\/de\/blog\/bleicheroder-strasse-7-penthouse-mit-zwei-dachterrassen-in-der-city\/#respond\"]}]},{\"@type\":\"WebPage\",\"@id\":\"https:\/\/www.verimag.de\/de\/blog\/bleicheroder-strasse-7-penthouse-mit-zwei-dachterrassen-in-der-city\/\",\"url\":\"https:\/\/www.verimag.de\/de\/blog\/bleicheroder-strasse-7-penthouse-mit-zwei-dachterrassen-in-der-city\/\",\"name\":\"VERIMAG Vertriebs- und Marketingges. mbH - \u201eBleicheroder Stra\u00dfe 7\u201c: Penthouse mit zwei Dachterrassen in der City!\",\"isPartOf\":{\"@id\":\"https:\/\/www.verimag.de\/de\/#website\"},\"datePublished\":\"2018-05-29T14:31:50+00:00\",\"dateModified\":\"2019-07-03T14:32:17+00:00\",\"author\":{\"@id\":\"https:\/\/www.verimag.de\/de\/#\/schema\/person\/37212eeeb2fe6c6e18ddc80bc43c4f83\"},\"breadcrumb\":{\"@id\":\"https:\/\/www.verimag.de\/de\/blog\/bleicheroder-strasse-7-penthouse-mit-zwei-dachterrassen-in-der-city\/#breadcrumb\"},\"inLanguage\":\"de\",\"potentialAction\":[{\"@type\":\"ReadAction\",\"target\":[\"https:\/\/www.verimag.de\/de\/blog\/bleicheroder-strasse-7-penthouse-mit-zwei-dachterrassen-in-der-city\/\"]}]},{\"@type\":\"BreadcrumbList\",\"@id\":\"https:\/\/www.verimag.de\/de\/blog\/bleicheroder-strasse-7-penthouse-mit-zwei-dachterrassen-in-der-city\/#breadcrumb\",\"itemListElement\":[{\"@type\":\"ListItem\",\"position\":1,\"name\":\"Startseite\",\"item\":\"https:\/\/www.verimag.de\/de\/\"},{\"@type\":\"ListItem\",\"position\":2,\"name\":\"Blog\",\"item\":\"https:\/\/www.verimag.de\/de\/category\/blog\/\"},{\"@type\":\"ListItem\",\"position\":3,\"name\":\"\u201eBleicheroder Stra\u00dfe 7\u201c: Penthouse mit zwei Dachterrassen in der City!\"}]},{\"@type\":\"WebSite\",\"@id\":\"https:\/\/www.verimag.de\/de\/#website\",\"url\":\"https:\/\/www.verimag.de\/de\/\",\"name\":\"VERIMAG Vertriebs- und Marketingges. mbH\",\"description\":\"\",\"potentialAction\":[{\"@type\":\"SearchAction\",\"target\":{\"@type\":\"EntryPoint\",\"urlTemplate\":\"https:\/\/www.verimag.de\/de\/?s={search_term_string}\"},\"query-input\":{\"@type\":\"PropertyValueSpecification\",\"valueRequired\":true,\"valueName\":\"search_term_string\"}}],\"inLanguage\":\"de\"},{\"@type\":\"Person\",\"@id\":\"https:\/\/www.verimag.de\/de\/#\/schema\/person\/37212eeeb2fe6c6e18ddc80bc43c4f83\",\"name\":\"nico.onehundred\",\"image\":{\"@type\":\"ImageObject\",\"inLanguage\":\"de\",\"@id\":\"https:\/\/www.verimag.de\/de\/#\/schema\/person\/image\/\",\"url\":\"https:\/\/secure.gravatar.com\/avatar\/10f1ab8a4566484a12eee068f655f02bda91a72e173a3108d9c8ee7f74f8735c?s=96&d=mm&r=g\",\"contentUrl\":\"https:\/\/secure.gravatar.com\/avatar\/10f1ab8a4566484a12eee068f655f02bda91a72e173a3108d9c8ee7f74f8735c?s=96&d=mm&r=g\",\"caption\":\"nico.onehundred\"}}]}<\/script>\n<!-- \/ Yoast SEO plugin. -->","yoast_head_json":{"title":"VERIMAG Vertriebs- und Marketingges. mbH - \u201eBleicheroder Stra\u00dfe 7\u201c: Penthouse mit zwei Dachterrassen in der City!","robots":{"index":"index","follow":"follow","max-snippet":"max-snippet:-1","max-image-preview":"max-image-preview:large","max-video-preview":"max-video-preview:-1"},"canonical":"https:\/\/www.verimag.de\/de\/blog\/bleicheroder-strasse-7-penthouse-mit-zwei-dachterrassen-in-der-city\/","og_locale":"de_DE","og_type":"article","og_title":"VERIMAG Vertriebs- und Marketingges. mbH - \u201eBleicheroder Stra\u00dfe 7\u201c: Penthouse mit zwei Dachterrassen in der City!","og_description":"Ein Traum wird wahr: Eine exklusive Penthouse-Wohnung mit 2 gro\u00dfen Dachterrassen - Zugang \u00fcber jedes der 4 Zimmer m\u00f6glich.","og_url":"https:\/\/www.verimag.de\/de\/blog\/bleicheroder-strasse-7-penthouse-mit-zwei-dachterrassen-in-der-city\/","og_site_name":"VERIMAG Vertriebs- und Marketingges. mbH","article_published_time":"2018-05-29T14:31:50+00:00","article_modified_time":"2019-07-03T14:32:17+00:00","author":"nico.onehundred","twitter_card":"summary_large_image","twitter_misc":{"Verfasst von":"nico.onehundred"},"schema":{"@context":"https:\/\/schema.org","@graph":[{"@type":"Article","@id":"https:\/\/www.verimag.de\/de\/blog\/bleicheroder-strasse-7-penthouse-mit-zwei-dachterrassen-in-der-city\/#article","isPartOf":{"@id":"https:\/\/www.verimag.de\/de\/blog\/bleicheroder-strasse-7-penthouse-mit-zwei-dachterrassen-in-der-city\/"},"author":{"name":"nico.onehundred","@id":"https:\/\/www.verimag.de\/de\/#\/schema\/person\/37212eeeb2fe6c6e18ddc80bc43c4f83"},"headline":"\u201eBleicheroder Stra\u00dfe 7\u201c: Penthouse mit zwei Dachterrassen in der City!","datePublished":"2018-05-29T14:31:50+00:00","dateModified":"2019-07-03T14:32:17+00:00","mainEntityOfPage":{"@id":"https:\/\/www.verimag.de\/de\/blog\/bleicheroder-strasse-7-penthouse-mit-zwei-dachterrassen-in-der-city\/"},"wordCount":45,"commentCount":0,"articleSection":["Blog"],"inLanguage":"de","potentialAction":[{"@type":"CommentAction","name":"Comment","target":["https:\/\/www.verimag.de\/de\/blog\/bleicheroder-strasse-7-penthouse-mit-zwei-dachterrassen-in-der-city\/#respond"]}]},{"@type":"WebPage","@id":"https:\/\/www.verimag.de\/de\/blog\/bleicheroder-strasse-7-penthouse-mit-zwei-dachterrassen-in-der-city\/","url":"https:\/\/www.verimag.de\/de\/blog\/bleicheroder-strasse-7-penthouse-mit-zwei-dachterrassen-in-der-city\/","name":"VERIMAG Vertriebs- und Marketingges. mbH - \u201eBleicheroder Stra\u00dfe 7\u201c: Penthouse mit zwei Dachterrassen in der City!","isPartOf":{"@id":"https:\/\/www.verimag.de\/de\/#website"},"datePublished":"2018-05-29T14:31:50+00:00","dateModified":"2019-07-03T14:32:17+00:00","author":{"@id":"https:\/\/www.verimag.de\/de\/#\/schema\/person\/37212eeeb2fe6c6e18ddc80bc43c4f83"},"breadcrumb":{"@id":"https:\/\/www.verimag.de\/de\/blog\/bleicheroder-strasse-7-penthouse-mit-zwei-dachterrassen-in-der-city\/#breadcrumb"},"inLanguage":"de","potentialAction":[{"@type":"ReadAction","target":["https:\/\/www.verimag.de\/de\/blog\/bleicheroder-strasse-7-penthouse-mit-zwei-dachterrassen-in-der-city\/"]}]},{"@type":"BreadcrumbList","@id":"https:\/\/www.verimag.de\/de\/blog\/bleicheroder-strasse-7-penthouse-mit-zwei-dachterrassen-in-der-city\/#breadcrumb","itemListElement":[{"@type":"ListItem","position":1,"name":"Startseite","item":"https:\/\/www.verimag.de\/de\/"},{"@type":"ListItem","position":2,"name":"Blog","item":"https:\/\/www.verimag.de\/de\/category\/blog\/"},{"@type":"ListItem","position":3,"name":"\u201eBleicheroder Stra\u00dfe 7\u201c: Penthouse mit zwei Dachterrassen in der City!"}]},{"@type":"WebSite","@id":"https:\/\/www.verimag.de\/de\/#website","url":"https:\/\/www.verimag.de\/de\/","name":"VERIMAG Vertriebs- und Marketingges. mbH","description":"","potentialAction":[{"@type":"SearchAction","target":{"@type":"EntryPoint","urlTemplate":"https:\/\/www.verimag.de\/de\/?s={search_term_string}"},"query-input":{"@type":"PropertyValueSpecification","valueRequired":true,"valueName":"search_term_string"}}],"inLanguage":"de"},{"@type":"Person","@id":"https:\/\/www.verimag.de\/de\/#\/schema\/person\/37212eeeb2fe6c6e18ddc80bc43c4f83","name":"nico.onehundred","image":{"@type":"ImageObject","inLanguage":"de","@id":"https:\/\/www.verimag.de\/de\/#\/schema\/person\/image\/","url":"https:\/\/secure.gravatar.com\/avatar\/10f1ab8a4566484a12eee068f655f02bda91a72e173a3108d9c8ee7f74f8735c?s=96&d=mm&r=g","contentUrl":"https:\/\/secure.gravatar.com\/avatar\/10f1ab8a4566484a12eee068f655f02bda91a72e173a3108d9c8ee7f74f8735c?s=96&d=mm&r=g","caption":"nico.onehundred"}}]}},"_links":{"self":[{"href":"https:\/\/www.verimag.de\/de\/wp-json\/wp\/v2\/posts\/145","targetHints":{"allow":["GET"]}}],"collection":[{"href":"https:\/\/www.verimag.de\/de\/wp-json\/wp\/v2\/posts"}],"about":[{"href":"https:\/\/www.verimag.de\/de\/wp-json\/wp\/v2\/types\/post"}],"author":[{"embeddable":true,"href":"https:\/\/www.verimag.de\/de\/wp-json\/wp\/v2\/users\/1"}],"replies":[{"embeddable":true,"href":"https:\/\/www.verimag.de\/de\/wp-json\/wp\/v2\/comments?post=145"}],"version-history":[{"count":1,"href":"https:\/\/www.verimag.de\/de\/wp-json\/wp\/v2\/posts\/145\/revisions"}],"predecessor-version":[{"id":146,"href":"https:\/\/www.verimag.de\/de\/wp-json\/wp\/v2\/posts\/145\/revisions\/146"}],"wp:attachment":[{"href":"https:\/\/www.verimag.de\/de\/wp-json\/wp\/v2\/media?parent=145"}],"wp:term":[{"taxonomy":"category","embeddable":true,"href":"https:\/\/www.verimag.de\/de\/wp-json\/wp\/v2\/categories?post=145"},{"taxonomy":"post_tag","embeddable":true,"href":"https:\/\/www.verimag.de\/de\/wp-json\/wp\/v2\/tags?post=145"}],"curies":[{"name":"wp","href":"https:\/\/api.w.org\/{rel}","templated":true}]}}